{"id":2672,"date":"2026-09-05T08:49:45","date_gmt":"2026-09-05T06:49:45","guid":{"rendered":"https:\/\/eishockey-berlin.de\/eishockey\/?p=2672"},"modified":"2026-09-05T12:38:29","modified_gmt":"2026-09-05T10:38:29","slug":"spielbericht-genf-vs-eisbaeren","status":"publish","type":"post","link":"https:\/\/eishockey-berlin.de\/eishockey\/2026\/09\/05\/spielbericht-genf-vs-eisbaeren\/","title":{"rendered":"Spielbericht: Genf vs. Eisb\u00e4ren"},"content":{"rendered":"\n<p class=\"wp-block-paragraph\">Im ersten Pflichtspiel der CHL m\u00fcssen die Eisb\u00e4ren eine herbe Niederlage hinnehmen. Am Ende stand es 6:2 f\u00fcr die Gastgeber aus Genf. Dabei lieferten die Eisb\u00e4ren \u00fcber weite Strecken eine sehr gute Partie ab und waren sogar die deutlich aktivere Mannschaft. Warum es am Ende dennoch nicht f\u00fcr Punkte gereicht hat, gilt es nun in gewohnter Form zu analysieren!<\/p>\n\n\n\n<p class=\"wp-block-paragraph\">Im Line-up \u00e4nderte sich im Vergleich zu den drei Testspielen gegen Zug, Augsburg und Wei\u00dfwasser nicht viel. Der Sturm blieb nahezu unver\u00e4ndert, nur Eric Mik \u00fcbernahm gr\u00f6\u00dftenteils die Rolle des Fl\u00fcgelst\u00fcrmers neben Griva und Wiederer in der vierten Angriffsreihe! Noel Saffran kam dagegen nur auf wenige Einsatzminuten. Miks erneuter Ausflug in den Sturm lag auch an der Neuverpflichtung von Brandon Davidson in der Verteidigung. Der 35-j\u00e4hrige Abwehrrecke wechselte unter der Woche von Kometa Brno in die Hauptstadt. Sein gestriger Verteidigungspartner war Adam Smith. Neben dem obligatorischen Duo Wissmann und M\u00fcller spielten dann noch Geibel und Reinke zusammen. Moritz Kretzschmar kam genauso wie Saffran nur zu wenigen Einsatzminuten. Im Tor bekam Jake LaFontaine den Vorzug vor Jonas Neffin.<\/p>\n\n\n\n<p class=\"wp-block-paragraph\">Und dieses Aufgebot kn\u00fcpfte nahtlos an die Leistungen aus den Testspielen an. Vor allem die Auftritte beim Dolomiten Cup waren gepr\u00e4gt von offensiv druckvollem und durchaus gef\u00e4lligem Eishockey. Bereits nach wenigen Sekunden hatte Gab Fontaine die erste gute Einschussgelegenheit, verzog aber knapp \u00fcber das Geh\u00e4use des Genfer Torwarts St\u00e9phane Charlin, der an diesem Abend eine herausragende Leistung zeigte. Eingeleitet wurde die Chance durch einen pr\u00e4zisen und schnellen Aufbaupass von Kai Wissmann, der am gestrigen Abend nach seinen schweren Verletzungen langsam wieder zu seiner alten Form zur\u00fcckzukehren schien.<\/p>\n\n\n\n<p class=\"wp-block-paragraph\">Und auch die n\u00e4chsten gef\u00e4hrlichen Szenen geh\u00f6rten unseren Eisb\u00e4ren, die \u00fcber die gesamte Partie gesehen meist die aktivere Mannschaft waren. Das gro\u00dfe Manko war allerdings die fehlende Effizienz vor dem gegnerischen Kasten. Mit einer Schusseffizienz von unter 7 % ist es schwer, ein Spiel zu gewinnen! Wie es anders gehen kann, zeigte das heimische Starensemble. Der Genfer Kader ist reichlich mit NHL-Erfahrung best\u00fcckt, auch die Ausrichtung auf viele finnische Imports sorgt automatisch f\u00fcr eine gewisse Harmonie unter den Spielern. Und gerade diese finnischen Kracher stellten die Eisb\u00e4ren-Defensive in den f\u00fcr Genf entscheidenden Momenten vor gro\u00dfe Probleme. Innerhalb weniger Sekunden f\u00fchrten die Gastgeber wie aus dem Nichts mit 2:0.<\/p>\n\n\n\n<p class=\"wp-block-paragraph\">Trotz der extremen Qualit\u00e4t der Genfer fielen diese Tore ein bisschen zu einfach, aber das sagt sich als Au\u00dfenstehender nat\u00fcrlich immer leicht. Wer nun dachte, dass sich daraus ein noch schwererer Abend f\u00fcr unsere Eisb\u00e4ren entwickeln w\u00fcrde, wurde schnell eines Besseren belehrt. Fast unbeirrt von diesem Schock setzten die Eisb\u00e4ren ihr druckvolles Offensivspiel fort und erspielten sich dabei wirklich gute Gelegenheiten, die aber leider allesamt ungenutzt blieben.<\/p>\n\n\n\n<p class=\"wp-block-paragraph\">Erst durch das erste eigene Powerplay konnte man einen Weg aufs Scoreboard finden. Die Formation um Wissmann, Kirk, Fontaine, Pf\u00f6derl und Ronning zog dabei ein nahezu tadelloses \u00dcberzahlspiel auf \u2013 mit viel Pr\u00e4zision in den P\u00e4ssen, dem n\u00f6tigen Risiko bei der Wahl der Passwege und einem guten Timing f\u00fcr die Abschl\u00fcsse. Exemplarisch daf\u00fcr war der Abschluss von Leo Pf\u00f6derl bewusst auf den Schoner von Charlin. Den Abpraller konnte dann der sehr gut im Slot platzierte Gab Fontaine zum Anschlusstreffer verwerten! Damit ging man mit einem knappen R\u00fcckstand in die erste Drittelpause, was den Spielverlauf nur in Ans\u00e4tzen widerspiegelte. Bis auf die beiden Tore fanden die Gastgeber offensiv kaum statt. Auch ihr \u00dcberzahlspiel verpuffte ohne wirkliche Gro\u00dfchance.<\/p>\n\n\n\n<p class=\"wp-block-paragraph\">Im Mittelabschnitt bot sich ein noch einseitigeres Bild. Die Eisb\u00e4ren hatten zwischenzeitlich ein Schussverh\u00e4ltnis von 13:0 in diesem Drittel! Lange Zeit sah es aber weiterhin danach aus, als w\u00e4ren die Eisb\u00e4ren bei Gleichzahl auf dem Eis nicht in der Lage, ein Tor zu erzielen. Bis Ty Ronning seine Mitspieler und uns Fans endlich erl\u00f6sen konnte. Anschlie\u00dfend h\u00e4tte man eigentlich in F\u00fchrung gehen m\u00fcssen, was man leider verpasste. Und so war es kurz vor Ende des zweiten Drittels wieder ein finnischer Ausnahmespieler, der den Puck unter die Latte knallte. LaFontaine konnte einem an diesem Abend schon fast leidtun.<\/p>\n\n\n\n<p class=\"wp-block-paragraph\">Man wurde den Eindruck nicht los, dass die Gastgeber nur so viel Einsatz wie n\u00f6tig zeigten. Immer in den wichtigen Momenten zogen sie das Tempo ein bisschen an und zeigten den Eisb\u00e4ren damit defensiv ihre Grenzen auf. Bevor das Spiel dann durch ihre individuelle Klasse entschieden wurde, hatte Leo Pf\u00f6derl noch die Riesenchance zum Ausgleich. Von Gab Fontaine hervorragend auf die Reise geschickt, scheiterte er am weiterhin souver\u00e4n haltenden Charlin im Genfer Geh\u00e4use! Anschlie\u00dfend konnten die Eisb\u00e4ren nicht mehr den Druck der ersten beiden Drittel aufbauen, dennoch versuchten sie alles. Die sich nun bietenden L\u00fccken wurden von den Gastgebern gnadenlos zum Ausbau der F\u00fchrung ausgenutzt.<\/p>\n\n\n\n<p class=\"wp-block-paragraph\">Es ist schwer davon auszugehen, dass selbst bei einer verdienten F\u00fchrung im Mittelabschnitt oder einem m\u00f6glichen Ausgleich durch Leo Pf\u00f6derl im letzten Drittel wenig sp\u00e4ter nicht wieder eine passende Antwort des Genfer Starensembles gefolgt w\u00e4re. Und dennoch k\u00f6nnen wir sehr stolz auf unsere Jungs sein. Gegen einen \u00fcberm\u00e4chtigen Gegner \u00fcber weite Strecken die bessere Mannschaft zu sein, ist schon eine herausragende Leistung.<\/p>\n\n\n\n<p class=\"wp-block-paragraph\">Am Ende des Tages m\u00fcssen die Punkte f\u00fcr das Weiterkommen an anderer Stelle geholt werden. Dennoch ist mit so einer couragierten Leistung morgen in Davos durchaus eine \u00dcberraschung m\u00f6glich. Der morgige Gegner tat sich sehr schwer gegen den Underdog aus Norwegen und behielt erst in der Overtime die Oberhand.<\/p>\n\n\n\n<p class=\"wp-block-paragraph\">Wir w\u00fcnschen euch nun einen entspannten Samstag und morgen viel Freude beim Verfolgen der zweiten Partie des Schweizer CHL-Wochenendes! \ud83c\udfd2<\/p>\n\n\n\n<p class=\"wp-block-paragraph\"><\/p>\n","protected":false},"excerpt":{"rendered":"<p>Im ersten Pflichtspiel der CHL m\u00fcssen die Eisb\u00e4ren eine herbe Niederlage hinnehmen. Am Ende stand es 6:2 f\u00fcr die Gastgeber<\/p>\n","protected":false},"author":3,"featured_media":2670,"comment_status":"open","ping_status":"open","sticky":false,"template":"","format":"standard","meta":{"colormag_page_layout":"default_layout","footnotes":""},"categories":[5],"tags":[84,150,215],"class_list":["post-2672","post","type-post","status-publish","format-standard","has-post-thumbnail","hentry","category-spielberichte","tag-chl","tag-eisbaeren-belin","tag-geneve-servette"],"yoast_head":"<!-- This site is optimized with the Yoast SEO plugin v27.7 - https:\/\/yoast.com\/product\/yoast-seo-wordpress\/ -->\n<title>Spielbericht: Genf vs. Eisb\u00e4ren - Puckgefl\u00fcster - Berlins Eishockey Blog<\/title>\n<meta name=\"robots\" content=\"index, follow, max-snippet:-1, max-image-preview:large, max-video-preview:-1\" \/>\n<link rel=\"canonical\" href=\"https:\/\/eishockey-berlin.de\/eishockey\/2026\/09\/05\/spielbericht-genf-vs-eisbaeren\/\" \/>\n<meta property=\"og:locale\" content=\"de_DE\" \/>\n<meta property=\"og:type\" content=\"article\" \/>\n<meta property=\"og:title\" content=\"Spielbericht: Genf vs. Eisb\u00e4ren - Puckgefl\u00fcster - Berlins Eishockey Blog\" \/>\n<meta property=\"og:description\" content=\"Im ersten Pflichtspiel der CHL m\u00fcssen die Eisb\u00e4ren eine herbe Niederlage hinnehmen. Am Ende stand es 6:2 f\u00fcr die Gastgeber\" \/>\n<meta property=\"og:url\" content=\"https:\/\/eishockey-berlin.de\/eishockey\/2026\/09\/05\/spielbericht-genf-vs-eisbaeren\/\" \/>\n<meta property=\"og:site_name\" content=\"Puckgefl\u00fcster - Berlins Eishockey Blog\" \/>\n<meta property=\"article:publisher\" content=\"https:\/\/www.facebook.com\/profile.php?id=100069843317955\" \/>\n<meta property=\"article:published_time\" content=\"2026-09-05T06:49:45+00:00\" \/>\n<meta property=\"article:modified_time\" content=\"2026-09-05T10:38:29+00:00\" \/>\n<meta property=\"og:image\" content=\"https:\/\/eishockey-berlin.de\/wp-content\/uploads\/2026\/09\/chl-gd-1-sp.png\" \/>\n\t<meta property=\"og:image:width\" content=\"800\" \/>\n\t<meta property=\"og:image:height\" content=\"450\" \/>\n\t<meta property=\"og:image:type\" content=\"image\/png\" \/>\n<meta name=\"author\" content=\"Alexander Bolte\" \/>\n<meta name=\"twitter:card\" content=\"summary_large_image\" \/>\n<meta name=\"twitter:creator\" content=\"@puckgefluester\" \/>\n<meta name=\"twitter:site\" content=\"@puckgefluester\" \/>\n<meta name=\"twitter:label1\" content=\"Verfasst von\" \/>\n\t<meta name=\"twitter:data1\" content=\"Alexander Bolte\" \/>\n\t<meta name=\"twitter:label2\" content=\"Gesch\u00e4tzte Lesezeit\" \/>\n\t<meta name=\"twitter:data2\" content=\"6\u00a0Minuten\" \/>\n<script type=\"application\/ld+json\" class=\"yoast-schema-graph\">{\"@context\":\"https:\\\/\\\/schema.org\",\"@graph\":[{\"@type\":\"Article\",\"@id\":\"https:\\\/\\\/eishockey-berlin.de\\\/eishockey\\\/2026\\\/09\\\/05\\\/spielbericht-genf-vs-eisbaeren\\\/#article\",\"isPartOf\":{\"@id\":\"https:\\\/\\\/eishockey-berlin.de\\\/eishockey\\\/2026\\\/09\\\/05\\\/spielbericht-genf-vs-eisbaeren\\\/\"},\"author\":{\"name\":\"Alexander Bolte\",\"@id\":\"https:\\\/\\\/eishockey-berlin.de\\\/eishockey\\\/#\\\/schema\\\/person\\\/16e17fa7edeb5acbc067925980c3793c\"},\"headline\":\"Spielbericht: Genf vs. Eisb\u00e4ren\",\"datePublished\":\"2026-09-05T06:49:45+00:00\",\"dateModified\":\"2026-09-05T10:38:29+00:00\",\"mainEntityOfPage\":{\"@id\":\"https:\\\/\\\/eishockey-berlin.de\\\/eishockey\\\/2026\\\/09\\\/05\\\/spielbericht-genf-vs-eisbaeren\\\/\"},\"wordCount\":962,\"commentCount\":0,\"publisher\":{\"@id\":\"https:\\\/\\\/eishockey-berlin.de\\\/eishockey\\\/#organization\"},\"image\":{\"@id\":\"https:\\\/\\\/eishockey-berlin.de\\\/eishockey\\\/2026\\\/09\\\/05\\\/spielbericht-genf-vs-eisbaeren\\\/#primaryimage\"},\"thumbnailUrl\":\"https:\\\/\\\/eishockey-berlin.de\\\/wp-content\\\/uploads\\\/2026\\\/09\\\/chl-gd-1-sp.png\",\"keywords\":[\"CHL\",\"Eisb\u00e4ren Belin\",\"Geneve Servette\"],\"articleSection\":[\"Spielberichte\"],\"inLanguage\":\"de\",\"potentialAction\":[{\"@type\":\"CommentAction\",\"name\":\"Comment\",\"target\":[\"https:\\\/\\\/eishockey-berlin.de\\\/eishockey\\\/2026\\\/09\\\/05\\\/spielbericht-genf-vs-eisbaeren\\\/#respond\"]}]},{\"@type\":\"WebPage\",\"@id\":\"https:\\\/\\\/eishockey-berlin.de\\\/eishockey\\\/2026\\\/09\\\/05\\\/spielbericht-genf-vs-eisbaeren\\\/\",\"url\":\"https:\\\/\\\/eishockey-berlin.de\\\/eishockey\\\/2026\\\/09\\\/05\\\/spielbericht-genf-vs-eisbaeren\\\/\",\"name\":\"Spielbericht: Genf vs. Eisb\u00e4ren - Puckgefl\u00fcster - Berlins Eishockey Blog\",\"isPartOf\":{\"@id\":\"https:\\\/\\\/eishockey-berlin.de\\\/eishockey\\\/#website\"},\"primaryImageOfPage\":{\"@id\":\"https:\\\/\\\/eishockey-berlin.de\\\/eishockey\\\/2026\\\/09\\\/05\\\/spielbericht-genf-vs-eisbaeren\\\/#primaryimage\"},\"image\":{\"@id\":\"https:\\\/\\\/eishockey-berlin.de\\\/eishockey\\\/2026\\\/09\\\/05\\\/spielbericht-genf-vs-eisbaeren\\\/#primaryimage\"},\"thumbnailUrl\":\"https:\\\/\\\/eishockey-berlin.de\\\/wp-content\\\/uploads\\\/2026\\\/09\\\/chl-gd-1-sp.png\",\"datePublished\":\"2026-09-05T06:49:45+00:00\",\"dateModified\":\"2026-09-05T10:38:29+00:00\",\"breadcrumb\":{\"@id\":\"https:\\\/\\\/eishockey-berlin.de\\\/eishockey\\\/2026\\\/09\\\/05\\\/spielbericht-genf-vs-eisbaeren\\\/#breadcrumb\"},\"inLanguage\":\"de\",\"potentialAction\":[{\"@type\":\"ReadAction\",\"target\":[\"https:\\\/\\\/eishockey-berlin.de\\\/eishockey\\\/2026\\\/09\\\/05\\\/spielbericht-genf-vs-eisbaeren\\\/\"]}]},{\"@type\":\"ImageObject\",\"inLanguage\":\"de\",\"@id\":\"https:\\\/\\\/eishockey-berlin.de\\\/eishockey\\\/2026\\\/09\\\/05\\\/spielbericht-genf-vs-eisbaeren\\\/#primaryimage\",\"url\":\"https:\\\/\\\/eishockey-berlin.de\\\/wp-content\\\/uploads\\\/2026\\\/09\\\/chl-gd-1-sp.png\",\"contentUrl\":\"https:\\\/\\\/eishockey-berlin.de\\\/wp-content\\\/uploads\\\/2026\\\/09\\\/chl-gd-1-sp.png\",\"width\":1920,\"height\":1080},{\"@type\":\"BreadcrumbList\",\"@id\":\"https:\\\/\\\/eishockey-berlin.de\\\/eishockey\\\/2026\\\/09\\\/05\\\/spielbericht-genf-vs-eisbaeren\\\/#breadcrumb\",\"itemListElement\":[{\"@type\":\"ListItem\",\"position\":1,\"name\":\"Startseite\",\"item\":\"https:\\\/\\\/eishockey-berlin.de\\\/eishockey\\\/\"},{\"@type\":\"ListItem\",\"position\":2,\"name\":\"Spielbericht: Genf vs. Eisb\u00e4ren\"}]},{\"@type\":\"WebSite\",\"@id\":\"https:\\\/\\\/eishockey-berlin.de\\\/eishockey\\\/#website\",\"url\":\"https:\\\/\\\/eishockey-berlin.de\\\/eishockey\\\/\",\"name\":\"Puckgefl\u00fcster - Berlins Eishockey Blog\",\"description\":\"\",\"publisher\":{\"@id\":\"https:\\\/\\\/eishockey-berlin.de\\\/eishockey\\\/#organization\"},\"potentialAction\":[{\"@type\":\"SearchAction\",\"target\":{\"@type\":\"EntryPoint\",\"urlTemplate\":\"https:\\\/\\\/eishockey-berlin.de\\\/eishockey\\\/?s={search_term_string}\"},\"query-input\":{\"@type\":\"PropertyValueSpecification\",\"valueRequired\":true,\"valueName\":\"search_term_string\"}}],\"inLanguage\":\"de\"},{\"@type\":\"Organization\",\"@id\":\"https:\\\/\\\/eishockey-berlin.de\\\/eishockey\\\/#organization\",\"name\":\"Puckgefl\u00fcster\",\"url\":\"https:\\\/\\\/eishockey-berlin.de\\\/eishockey\\\/\",\"logo\":{\"@type\":\"ImageObject\",\"inLanguage\":\"de\",\"@id\":\"https:\\\/\\\/eishockey-berlin.de\\\/eishockey\\\/#\\\/schema\\\/logo\\\/image\\\/\",\"url\":\"https:\\\/\\\/eishockey-berlin.de\\\/wp-content\\\/uploads\\\/2024\\\/11\\\/cropped-cropped-cropped-cropped-Puckgefluester-Logo-Kopf-1.png\",\"contentUrl\":\"https:\\\/\\\/eishockey-berlin.de\\\/wp-content\\\/uploads\\\/2024\\\/11\\\/cropped-cropped-cropped-cropped-Puckgefluester-Logo-Kopf-1.png\",\"width\":512,\"height\":512,\"caption\":\"Puckgefl\u00fcster\"},\"image\":{\"@id\":\"https:\\\/\\\/eishockey-berlin.de\\\/eishockey\\\/#\\\/schema\\\/logo\\\/image\\\/\"},\"sameAs\":[\"https:\\\/\\\/www.facebook.com\\\/profile.php?id=100069843317955\",\"https:\\\/\\\/x.com\\\/puckgefluester\",\"https:\\\/\\\/www.instagram.com\\\/puckgefluester\"]},{\"@type\":\"Person\",\"@id\":\"https:\\\/\\\/eishockey-berlin.de\\\/eishockey\\\/#\\\/schema\\\/person\\\/16e17fa7edeb5acbc067925980c3793c\",\"name\":\"Alexander Bolte\",\"image\":{\"@type\":\"ImageObject\",\"inLanguage\":\"de\",\"@id\":\"https:\\\/\\\/secure.gravatar.com\\\/avatar\\\/9c79f103a3a8c088b6aff4c5efc30a64af85fc86282f8d26fd90586acea1f50d?s=96&d=mm&r=g\",\"url\":\"https:\\\/\\\/secure.gravatar.com\\\/avatar\\\/9c79f103a3a8c088b6aff4c5efc30a64af85fc86282f8d26fd90586acea1f50d?s=96&d=mm&r=g\",\"contentUrl\":\"https:\\\/\\\/secure.gravatar.com\\\/avatar\\\/9c79f103a3a8c088b6aff4c5efc30a64af85fc86282f8d26fd90586acea1f50d?s=96&d=mm&r=g\",\"caption\":\"Alexander Bolte\"},\"url\":\"https:\\\/\\\/eishockey-berlin.de\\\/eishockey\\\/author\\\/alex\\\/\"}]}<\/script>\n<!-- \/ Yoast SEO plugin. -->","yoast_head_json":{"title":"Spielbericht: Genf vs. Eisb\u00e4ren - Puckgefl\u00fcster - Berlins Eishockey Blog","robots":{"index":"index","follow":"follow","max-snippet":"max-snippet:-1","max-image-preview":"max-image-preview:large","max-video-preview":"max-video-preview:-1"},"canonical":"https:\/\/eishockey-berlin.de\/eishockey\/2026\/09\/05\/spielbericht-genf-vs-eisbaeren\/","og_locale":"de_DE","og_type":"article","og_title":"Spielbericht: Genf vs. Eisb\u00e4ren - Puckgefl\u00fcster - Berlins Eishockey Blog","og_description":"Im ersten Pflichtspiel der CHL m\u00fcssen die Eisb\u00e4ren eine herbe Niederlage hinnehmen. Am Ende stand es 6:2 f\u00fcr die Gastgeber","og_url":"https:\/\/eishockey-berlin.de\/eishockey\/2026\/09\/05\/spielbericht-genf-vs-eisbaeren\/","og_site_name":"Puckgefl\u00fcster - Berlins Eishockey Blog","article_publisher":"https:\/\/www.facebook.com\/profile.php?id=100069843317955","article_published_time":"2026-09-05T06:49:45+00:00","article_modified_time":"2026-09-05T10:38:29+00:00","og_image":[{"url":"https:\/\/eishockey-berlin.de\/wp-content\/uploads\/2026\/09\/chl-gd-1-sp.png","width":800,"height":450,"type":"image\/png"}],"author":"Alexander Bolte","twitter_card":"summary_large_image","twitter_creator":"@puckgefluester","twitter_site":"@puckgefluester","twitter_misc":{"Verfasst von":"Alexander Bolte","Gesch\u00e4tzte Lesezeit":"6\u00a0Minuten"},"schema":{"@context":"https:\/\/schema.org","@graph":[{"@type":"Article","@id":"https:\/\/eishockey-berlin.de\/eishockey\/2026\/09\/05\/spielbericht-genf-vs-eisbaeren\/#article","isPartOf":{"@id":"https:\/\/eishockey-berlin.de\/eishockey\/2026\/09\/05\/spielbericht-genf-vs-eisbaeren\/"},"author":{"name":"Alexander Bolte","@id":"https:\/\/eishockey-berlin.de\/eishockey\/#\/schema\/person\/16e17fa7edeb5acbc067925980c3793c"},"headline":"Spielbericht: Genf vs. Eisb\u00e4ren","datePublished":"2026-09-05T06:49:45+00:00","dateModified":"2026-09-05T10:38:29+00:00","mainEntityOfPage":{"@id":"https:\/\/eishockey-berlin.de\/eishockey\/2026\/09\/05\/spielbericht-genf-vs-eisbaeren\/"},"wordCount":962,"commentCount":0,"publisher":{"@id":"https:\/\/eishockey-berlin.de\/eishockey\/#organization"},"image":{"@id":"https:\/\/eishockey-berlin.de\/eishockey\/2026\/09\/05\/spielbericht-genf-vs-eisbaeren\/#primaryimage"},"thumbnailUrl":"https:\/\/eishockey-berlin.de\/wp-content\/uploads\/2026\/09\/chl-gd-1-sp.png","keywords":["CHL","Eisb\u00e4ren Belin","Geneve Servette"],"articleSection":["Spielberichte"],"inLanguage":"de","potentialAction":[{"@type":"CommentAction","name":"Comment","target":["https:\/\/eishockey-berlin.de\/eishockey\/2026\/09\/05\/spielbericht-genf-vs-eisbaeren\/#respond"]}]},{"@type":"WebPage","@id":"https:\/\/eishockey-berlin.de\/eishockey\/2026\/09\/05\/spielbericht-genf-vs-eisbaeren\/","url":"https:\/\/eishockey-berlin.de\/eishockey\/2026\/09\/05\/spielbericht-genf-vs-eisbaeren\/","name":"Spielbericht: Genf vs. Eisb\u00e4ren - Puckgefl\u00fcster - Berlins Eishockey Blog","isPartOf":{"@id":"https:\/\/eishockey-berlin.de\/eishockey\/#website"},"primaryImageOfPage":{"@id":"https:\/\/eishockey-berlin.de\/eishockey\/2026\/09\/05\/spielbericht-genf-vs-eisbaeren\/#primaryimage"},"image":{"@id":"https:\/\/eishockey-berlin.de\/eishockey\/2026\/09\/05\/spielbericht-genf-vs-eisbaeren\/#primaryimage"},"thumbnailUrl":"https:\/\/eishockey-berlin.de\/wp-content\/uploads\/2026\/09\/chl-gd-1-sp.png","datePublished":"2026-09-05T06:49:45+00:00","dateModified":"2026-09-05T10:38:29+00:00","breadcrumb":{"@id":"https:\/\/eishockey-berlin.de\/eishockey\/2026\/09\/05\/spielbericht-genf-vs-eisbaeren\/#breadcrumb"},"inLanguage":"de","potentialAction":[{"@type":"ReadAction","target":["https:\/\/eishockey-berlin.de\/eishockey\/2026\/09\/05\/spielbericht-genf-vs-eisbaeren\/"]}]},{"@type":"ImageObject","inLanguage":"de","@id":"https:\/\/eishockey-berlin.de\/eishockey\/2026\/09\/05\/spielbericht-genf-vs-eisbaeren\/#primaryimage","url":"https:\/\/eishockey-berlin.de\/wp-content\/uploads\/2026\/09\/chl-gd-1-sp.png","contentUrl":"https:\/\/eishockey-berlin.de\/wp-content\/uploads\/2026\/09\/chl-gd-1-sp.png","width":1920,"height":1080},{"@type":"BreadcrumbList","@id":"https:\/\/eishockey-berlin.de\/eishockey\/2026\/09\/05\/spielbericht-genf-vs-eisbaeren\/#breadcrumb","itemListElement":[{"@type":"ListItem","position":1,"name":"Startseite","item":"https:\/\/eishockey-berlin.de\/eishockey\/"},{"@type":"ListItem","position":2,"name":"Spielbericht: Genf vs. Eisb\u00e4ren"}]},{"@type":"WebSite","@id":"https:\/\/eishockey-berlin.de\/eishockey\/#website","url":"https:\/\/eishockey-berlin.de\/eishockey\/","name":"Puckgefl\u00fcster - Berlins Eishockey Blog","description":"","publisher":{"@id":"https:\/\/eishockey-berlin.de\/eishockey\/#organization"},"potentialAction":[{"@type":"SearchAction","target":{"@type":"EntryPoint","urlTemplate":"https:\/\/eishockey-berlin.de\/eishockey\/?s={search_term_string}"},"query-input":{"@type":"PropertyValueSpecification","valueRequired":true,"valueName":"search_term_string"}}],"inLanguage":"de"},{"@type":"Organization","@id":"https:\/\/eishockey-berlin.de\/eishockey\/#organization","name":"Puckgefl\u00fcster","url":"https:\/\/eishockey-berlin.de\/eishockey\/","logo":{"@type":"ImageObject","inLanguage":"de","@id":"https:\/\/eishockey-berlin.de\/eishockey\/#\/schema\/logo\/image\/","url":"https:\/\/eishockey-berlin.de\/wp-content\/uploads\/2024\/11\/cropped-cropped-cropped-cropped-Puckgefluester-Logo-Kopf-1.png","contentUrl":"https:\/\/eishockey-berlin.de\/wp-content\/uploads\/2024\/11\/cropped-cropped-cropped-cropped-Puckgefluester-Logo-Kopf-1.png","width":512,"height":512,"caption":"Puckgefl\u00fcster"},"image":{"@id":"https:\/\/eishockey-berlin.de\/eishockey\/#\/schema\/logo\/image\/"},"sameAs":["https:\/\/www.facebook.com\/profile.php?id=100069843317955","https:\/\/x.com\/puckgefluester","https:\/\/www.instagram.com\/puckgefluester"]},{"@type":"Person","@id":"https:\/\/eishockey-berlin.de\/eishockey\/#\/schema\/person\/16e17fa7edeb5acbc067925980c3793c","name":"Alexander Bolte","image":{"@type":"ImageObject","inLanguage":"de","@id":"https:\/\/secure.gravatar.com\/avatar\/9c79f103a3a8c088b6aff4c5efc30a64af85fc86282f8d26fd90586acea1f50d?s=96&d=mm&r=g","url":"https:\/\/secure.gravatar.com\/avatar\/9c79f103a3a8c088b6aff4c5efc30a64af85fc86282f8d26fd90586acea1f50d?s=96&d=mm&r=g","contentUrl":"https:\/\/secure.gravatar.com\/avatar\/9c79f103a3a8c088b6aff4c5efc30a64af85fc86282f8d26fd90586acea1f50d?s=96&d=mm&r=g","caption":"Alexander Bolte"},"url":"https:\/\/eishockey-berlin.de\/eishockey\/author\/alex\/"}]}},"_links":{"self":[{"href":"https:\/\/eishockey-berlin.de\/eishockey\/wp-json\/wp\/v2\/posts\/2672","targetHints":{"allow":["GET"]}}],"collection":[{"href":"https:\/\/eishockey-berlin.de\/eishockey\/wp-json\/wp\/v2\/posts"}],"about":[{"href":"https:\/\/eishockey-berlin.de\/eishockey\/wp-json\/wp\/v2\/types\/post"}],"author":[{"embeddable":true,"href":"https:\/\/eishockey-berlin.de\/eishockey\/wp-json\/wp\/v2\/users\/3"}],"replies":[{"embeddable":true,"href":"https:\/\/eishockey-berlin.de\/eishockey\/wp-json\/wp\/v2\/comments?post=2672"}],"version-history":[{"count":1,"href":"https:\/\/eishockey-berlin.de\/eishockey\/wp-json\/wp\/v2\/posts\/2672\/revisions"}],"predecessor-version":[{"id":2675,"href":"https:\/\/eishockey-berlin.de\/eishockey\/wp-json\/wp\/v2\/posts\/2672\/revisions\/2675"}],"wp:featuredmedia":[{"embeddable":true,"href":"https:\/\/eishockey-berlin.de\/eishockey\/wp-json\/wp\/v2\/media\/2670"}],"wp:attachment":[{"href":"https:\/\/eishockey-berlin.de\/eishockey\/wp-json\/wp\/v2\/media?parent=2672"}],"wp:term":[{"taxonomy":"category","embeddable":true,"href":"https:\/\/eishockey-berlin.de\/eishockey\/wp-json\/wp\/v2\/categories?post=2672"},{"taxonomy":"post_tag","embeddable":true,"href":"https:\/\/eishockey-berlin.de\/eishockey\/wp-json\/wp\/v2\/tags?post=2672"}],"curies":[{"name":"wp","href":"https:\/\/api.w.org\/{rel}","templated":true}]}}