{"id":2659,"date":"2026-09-03T18:30:30","date_gmt":"2026-09-03T16:30:30","guid":{"rendered":"https:\/\/eishockey-berlin.de\/eishockey\/?p=2659"},"modified":"2026-09-03T18:30:35","modified_gmt":"2026-09-03T16:30:35","slug":"chl-start-fuer-die-eisbaeren-in-der-schweiz","status":"publish","type":"post","link":"https:\/\/eishockey-berlin.de\/eishockey\/2026\/09\/03\/chl-start-fuer-die-eisbaeren-in-der-schweiz\/","title":{"rendered":"CHL-Start f\u00fcr die Eisb\u00e4ren in der Schweiz"},"content":{"rendered":"\n<h2 class=\"wp-block-heading\"><strong>Die aktuelle Lage bei den Eisb\u00e4ren<\/strong><\/h2>\n\n\n\n<p class=\"wp-block-paragraph\">Die Eisb\u00e4ren haben laut Trainer Eric Dubois in den letzten Tagen hart und intensiv trainiert, um f\u00fcr den Start der Champions Hockey League bereit zu sein. Denn dieser hat es absolut in sich. Die Berliner beginnen die ersten Pflichtspiele mit zwei Gastspielen in der Schweiz. Mit <strong>Geneve Servette <\/strong>und dem <strong>HC Davos <\/strong>warten zwei echte Hochkar\u00e4ter auf den deutschen Rekordmeister. Um Punkte bei den Eidgenossen entf\u00fchren zu k\u00f6nnen, werden die Eisb\u00e4ren sicherlich an ihre Leistungsgrenze gehen m\u00fcssen.<\/p>\n\n\n\n<p class=\"wp-block-paragraph\">Am vergangenen Wochenende gewannen die Berliner ein Testspiel im gewohnt lauten und ausverkauften Wellblechpalast mit 3:1 (Tore: <strong>Veilleux, Ronning, M\u00fcller<\/strong>) gegen die Lausitzer F\u00fcchse. Vor allem im zweiten und dritten Drittel war spielerisch etwas Sand im Getriebe und von einem Klassenunterschied nicht viel zu sehen. Eric Dubois begr\u00fcndete dies aber mit dem harten Training in den Tagen zuvor, sodass im Spiel gegen das DEL2-Team eine gewisse M\u00fcdigkeit zu erkennen war. Der Fokus sollte eher auf den kommenden CHL-Spiele gelegt werden.<\/p>\n\n\n\n<p class=\"wp-block-paragraph\">Auf dem personellen Sektor gibt es ebenfalls Neuigkeiten. W\u00e4hrend<strong> Lean Bergmann, Patrick Khodorenko und Freddy Tiffels<\/strong> weiterhin ausfallen werden, k\u00f6nnten die Eisb\u00e4ren-Fans am Wochenende ein neues Gesicht auf dem Eis bewundern k\u00f6nnen. Sportdirektor Stephane Richer entschied sich, den Probevertrag mit Verteidiger <strong>Martin Has <\/strong>trotz guter Leistungen nicht zu verl\u00e4ngern. Stattdessen wurde mit Routinier <strong>Brendan Davidson <\/strong>(35) ein neuer klassischer Defensiv-Verteidiger verpflichtet. Davidson, der einen Vertrag \u00fcber ein Jahr unterschrieb und die <strong>R\u00fcckennummer 44<\/strong> tragen wird, stand zuletzt in Tschechien bei Kometa Brno unter Vertrag, wo er im Jahr 2025 die Meisterschaft gewinnen konnte. In der abgelaufenen Saison konnte er allerdings verletzungsbedingt kein einziges Saisonspiel bestreiten und gab erst beim Dolomiten-Cup vor einigen Tagen sein Comeback. Dort zeigte er, dass er seine schwere Verletzung vollst\u00e4ndig auskuriert hat und trug seinen Teil zum Turniersieg von Brno bei. Er gilt als k\u00f6rperlich starker und kompromissloser Verteidiger mit hervorragendem defensivem Spielverst\u00e4ndnis. Gewisse \u00c4hnlichkeiten zur Spielweise von Adam Smith k\u00f6nnten daher nicht von der Hand zu weisen sein. Ein fitter Davidson k\u00f6nnte also auch in seinem fortgeschrittenen Hockey-Alter durchaus eine sinnvolle Verst\u00e4rkung der Eisb\u00e4ren-Defensive sein.<\/p>\n\n\n\n<figure class=\"wp-block-image size-full\"><img loading=\"lazy\" decoding=\"async\" width=\"1600\" height=\"1067\" src=\"https:\/\/eishockey-berlin.de\/wp-content\/uploads\/2026\/09\/Veilleux1.jpg\" alt=\"\" class=\"wp-image-2660\" srcset=\"https:\/\/eishockey-berlin.de\/wp-content\/uploads\/2026\/09\/Veilleux1.jpg 1600w, https:\/\/eishockey-berlin.de\/wp-content\/uploads\/2026\/09\/Veilleux1-768x512.jpg 768w, https:\/\/eishockey-berlin.de\/wp-content\/uploads\/2026\/09\/Veilleux1-1536x1024.jpg 1536w\" sizes=\"auto, (max-width: 1600px) 100vw, 1600px\" \/><figcaption class=\"wp-element-caption\">Yannick Veilleux traf im Testspiel gegen die Lausitzer F\u00fcchse aus der Drehung zum 1:0. (Foto von Marco Leipold \/ City-Press GmbH Bildagentur)<\/figcaption><\/figure>\n\n\n\n<h2 class=\"wp-block-heading\"><strong>Der Gegner am Freitag: Geneve Servette HC<\/strong><\/h2>\n\n\n\n<p class=\"wp-block-paragraph\">Der Schweizer Traditionsklub mit seinen lautstarken und emotionalen Fans konnte in den letzten Jahren gro\u00dfe Erfolge feiern. Im Jahr 2023 gewann man nach etlichen vergeblichen Anl\u00e4ufen endlich die Schweizer Meisterschaft. Im Jahr darauf triumphierten die Genfer sogar in der Champions Hockey League und durchbrachen so erstmals die Phalanx der schwedischen und finnischen Teams, die zuvor alle CHL-Titel gewinnen konnten. Nach zwei eher schw\u00e4cheren Jahren in der NLA gelang im letzten Jahr mit Platz drei nach der Vorrunde und dem Einzug ins Playoff-Halbfinale die R\u00fcckkehr in den Kreis der Titelkandidaten der NLA. Der Kader der Genfer ist gespickt mit etlichen Hochkar\u00e4tern. So steht in der Verteidigung NHL-Routinier <strong>Jan Rutta <\/strong>(36) seinen Mann.  Der Tscheche gewann mit den Tampa Bay Lightning zweimal in Folge den Stanley Cup und ist mit seiner Robustheit ein regelrechter Fels in der Abwehr des GSHC. Die Genfer Offensive ist \u00fcberwiegend finnisch gepr\u00e4gt. Die oft \u00fcberragende erste Sturmreihe mit dem letztj\u00e4hrigen NLA-Topscorer <strong>Markus Granlund <\/strong>(33), <strong>Sakari Mannine<\/strong>n (34) und <strong>Jesse Puljuj\u00e4rv<\/strong>i (28) sowie Offensiv-Verteidiger <strong>Vili Saarij\u00e4rvi<\/strong> (29) geben eindeutig den Ton an. Ebenfalls beachten sollten die Eisb\u00e4ren den langj\u00e4hrigen NHL-St\u00fcrmer <strong>Jimmy Vesey<\/strong> (33, 626 NHL-Spiele). Die Eisb\u00e4ren stehen also vor einer mehr als kniffligen Aufgabe. Daher tippe ich auch auf einen <strong>5:2-Heimsieg<\/strong> des GSHC. Der Spiel beginn um <strong>19:45 Uhr<\/strong>.<\/p>\n\n\n\n<h2 class=\"wp-block-heading\"><strong>Der Gegner am Sonntag: HC Davos<\/strong><\/h2>\n\n\n\n<p class=\"wp-block-paragraph\">Der HCD, vor allem bekannt durch den Spengler Cup, verpasste in der letzten Saison nur \u00e4u\u00dferst knapp den schweizer Meistertitel. Im siebten Finalspiel unterlag man zuhause Fribourg-Gotteron in der Overtime, nachdem man die Vorrunde der NLA auf Platz eins abschlie\u00dfen konnte. Auch der Kader der neuen Saison ist stark besetzt. Nach zwei Jahren in Schweden kehrte der Top-Verteidiger und schweizer Nationalspieler <strong>Dominik Egli<\/strong> (28) von Fr\u00f6lunda G\u00f6teborg zum HCD zur\u00fcck. Zwar verlie\u00df mit <strong>Matej Stransky<\/strong> (33) der Topscorer die Davoser zu Dynamo Pardubice in Richtung Heimat. Sein kongenialer Sturmpartner, der Ex-NHL-St\u00fcrmer <strong>Filip Zadina<\/strong> (26) tr\u00e4gt aber weiterhin das blau-gelbe Trikot. Mit <strong>Brendan Lemieux<\/strong> (30), <strong>Adam Tambellin<\/strong>i (31) und Nationalspieler <strong>Ken J\u00e4ger<\/strong> (28) tragen weitere bekannte Namen das Davoser Trikot. Auch dieses Aufeinandertreffen des schweizer Vizemeisters mit dem deutschen Meister d\u00fcrfte keine leichte Aufgabe f\u00fcr den EHC werden. Dennoch tippe ich hier auf einen hart umk\u00e4mpften <strong>4:3-Ausw\u00e4rtssieg<\/strong> f\u00fcr die Eisb\u00e4ren. Das Spiel beginnt um <strong>15:45 Uhr<\/strong>.<\/p>\n\n\n\n<p class=\"wp-block-paragraph\"><\/p>\n","protected":false},"excerpt":{"rendered":"<p>Die aktuelle Lage bei den Eisb\u00e4ren Die Eisb\u00e4ren haben laut Trainer Eric Dubois in den letzten Tagen hart und intensiv<\/p>\n","protected":false},"author":4,"featured_media":2666,"comment_status":"open","ping_status":"open","sticky":false,"template":"","format":"standard","meta":{"colormag_page_layout":"default_layout","footnotes":""},"categories":[6],"tags":[216,84,14,215,214],"class_list":["post-2659","post","type-post","status-publish","format-standard","has-post-thumbnail","hentry","category-vorberichte","tag-champions-hockey-league","tag-chl","tag-eisbaeren-berlin","tag-geneve-servette","tag-hc-davos"],"yoast_head":"<!-- This site is optimized with the Yoast SEO plugin v27.7 - https:\/\/yoast.com\/product\/yoast-seo-wordpress\/ -->\n<title>CHL-Start f\u00fcr die Eisb\u00e4ren in der Schweiz - Puckgefl\u00fcster - Berlins Eishockey Blog<\/title>\n<meta name=\"robots\" content=\"index, follow, max-snippet:-1, max-image-preview:large, max-video-preview:-1\" \/>\n<link rel=\"canonical\" href=\"https:\/\/eishockey-berlin.de\/eishockey\/2026\/09\/03\/chl-start-fuer-die-eisbaeren-in-der-schweiz\/\" \/>\n<meta property=\"og:locale\" content=\"de_DE\" \/>\n<meta property=\"og:type\" content=\"article\" \/>\n<meta property=\"og:title\" content=\"CHL-Start f\u00fcr die Eisb\u00e4ren in der Schweiz - Puckgefl\u00fcster - Berlins Eishockey Blog\" \/>\n<meta property=\"og:description\" content=\"Die aktuelle Lage bei den Eisb\u00e4ren Die Eisb\u00e4ren haben laut Trainer Eric Dubois in den letzten Tagen hart und intensiv\" \/>\n<meta property=\"og:url\" content=\"https:\/\/eishockey-berlin.de\/eishockey\/2026\/09\/03\/chl-start-fuer-die-eisbaeren-in-der-schweiz\/\" \/>\n<meta property=\"og:site_name\" content=\"Puckgefl\u00fcster - Berlins Eishockey Blog\" \/>\n<meta property=\"article:publisher\" content=\"https:\/\/www.facebook.com\/profile.php?id=100069843317955\" \/>\n<meta property=\"article:published_time\" content=\"2026-09-03T16:30:30+00:00\" \/>\n<meta property=\"article:modified_time\" content=\"2026-09-03T16:30:35+00:00\" \/>\n<meta property=\"og:image\" content=\"https:\/\/eishockey-berlin.de\/wp-content\/uploads\/2026\/09\/artikelbild-chl-start.png\" \/>\n\t<meta property=\"og:image:width\" content=\"800\" \/>\n\t<meta property=\"og:image:height\" content=\"450\" \/>\n\t<meta property=\"og:image:type\" content=\"image\/png\" \/>\n<meta name=\"author\" content=\"Felix Markau\" \/>\n<meta name=\"twitter:card\" content=\"summary_large_image\" \/>\n<meta name=\"twitter:creator\" content=\"@puckgefluester\" \/>\n<meta name=\"twitter:site\" content=\"@puckgefluester\" \/>\n<meta name=\"twitter:label1\" content=\"Verfasst von\" \/>\n\t<meta name=\"twitter:data1\" content=\"Felix Markau\" \/>\n\t<meta name=\"twitter:label2\" content=\"Gesch\u00e4tzte Lesezeit\" \/>\n\t<meta name=\"twitter:data2\" content=\"5\u00a0Minuten\" \/>\n<script type=\"application\/ld+json\" class=\"yoast-schema-graph\">{\"@context\":\"https:\\\/\\\/schema.org\",\"@graph\":[{\"@type\":\"Article\",\"@id\":\"https:\\\/\\\/eishockey-berlin.de\\\/eishockey\\\/2026\\\/09\\\/03\\\/chl-start-fuer-die-eisbaeren-in-der-schweiz\\\/#article\",\"isPartOf\":{\"@id\":\"https:\\\/\\\/eishockey-berlin.de\\\/eishockey\\\/2026\\\/09\\\/03\\\/chl-start-fuer-die-eisbaeren-in-der-schweiz\\\/\"},\"author\":{\"name\":\"Felix Markau\",\"@id\":\"https:\\\/\\\/eishockey-berlin.de\\\/eishockey\\\/#\\\/schema\\\/person\\\/0dbbd30bc31ffd0e360397dfdf586f40\"},\"headline\":\"CHL-Start f\u00fcr die Eisb\u00e4ren in der Schweiz\",\"datePublished\":\"2026-09-03T16:30:30+00:00\",\"dateModified\":\"2026-09-03T16:30:35+00:00\",\"mainEntityOfPage\":{\"@id\":\"https:\\\/\\\/eishockey-berlin.de\\\/eishockey\\\/2026\\\/09\\\/03\\\/chl-start-fuer-die-eisbaeren-in-der-schweiz\\\/\"},\"wordCount\":786,\"commentCount\":0,\"publisher\":{\"@id\":\"https:\\\/\\\/eishockey-berlin.de\\\/eishockey\\\/#organization\"},\"image\":{\"@id\":\"https:\\\/\\\/eishockey-berlin.de\\\/eishockey\\\/2026\\\/09\\\/03\\\/chl-start-fuer-die-eisbaeren-in-der-schweiz\\\/#primaryimage\"},\"thumbnailUrl\":\"https:\\\/\\\/eishockey-berlin.de\\\/wp-content\\\/uploads\\\/2026\\\/09\\\/artikelbild-chl-start.png\",\"keywords\":[\"Champions Hockey League\",\"CHL\",\"Eisb\u00e4ren Berlin\",\"Geneve Servette\",\"HC Davos\"],\"articleSection\":[\"Vorberichte\"],\"inLanguage\":\"de\",\"potentialAction\":[{\"@type\":\"CommentAction\",\"name\":\"Comment\",\"target\":[\"https:\\\/\\\/eishockey-berlin.de\\\/eishockey\\\/2026\\\/09\\\/03\\\/chl-start-fuer-die-eisbaeren-in-der-schweiz\\\/#respond\"]}]},{\"@type\":\"WebPage\",\"@id\":\"https:\\\/\\\/eishockey-berlin.de\\\/eishockey\\\/2026\\\/09\\\/03\\\/chl-start-fuer-die-eisbaeren-in-der-schweiz\\\/\",\"url\":\"https:\\\/\\\/eishockey-berlin.de\\\/eishockey\\\/2026\\\/09\\\/03\\\/chl-start-fuer-die-eisbaeren-in-der-schweiz\\\/\",\"name\":\"CHL-Start f\u00fcr die Eisb\u00e4ren in der Schweiz - Puckgefl\u00fcster - Berlins Eishockey Blog\",\"isPartOf\":{\"@id\":\"https:\\\/\\\/eishockey-berlin.de\\\/eishockey\\\/#website\"},\"primaryImageOfPage\":{\"@id\":\"https:\\\/\\\/eishockey-berlin.de\\\/eishockey\\\/2026\\\/09\\\/03\\\/chl-start-fuer-die-eisbaeren-in-der-schweiz\\\/#primaryimage\"},\"image\":{\"@id\":\"https:\\\/\\\/eishockey-berlin.de\\\/eishockey\\\/2026\\\/09\\\/03\\\/chl-start-fuer-die-eisbaeren-in-der-schweiz\\\/#primaryimage\"},\"thumbnailUrl\":\"https:\\\/\\\/eishockey-berlin.de\\\/wp-content\\\/uploads\\\/2026\\\/09\\\/artikelbild-chl-start.png\",\"datePublished\":\"2026-09-03T16:30:30+00:00\",\"dateModified\":\"2026-09-03T16:30:35+00:00\",\"breadcrumb\":{\"@id\":\"https:\\\/\\\/eishockey-berlin.de\\\/eishockey\\\/2026\\\/09\\\/03\\\/chl-start-fuer-die-eisbaeren-in-der-schweiz\\\/#breadcrumb\"},\"inLanguage\":\"de\",\"potentialAction\":[{\"@type\":\"ReadAction\",\"target\":[\"https:\\\/\\\/eishockey-berlin.de\\\/eishockey\\\/2026\\\/09\\\/03\\\/chl-start-fuer-die-eisbaeren-in-der-schweiz\\\/\"]}]},{\"@type\":\"ImageObject\",\"inLanguage\":\"de\",\"@id\":\"https:\\\/\\\/eishockey-berlin.de\\\/eishockey\\\/2026\\\/09\\\/03\\\/chl-start-fuer-die-eisbaeren-in-der-schweiz\\\/#primaryimage\",\"url\":\"https:\\\/\\\/eishockey-berlin.de\\\/wp-content\\\/uploads\\\/2026\\\/09\\\/artikelbild-chl-start.png\",\"contentUrl\":\"https:\\\/\\\/eishockey-berlin.de\\\/wp-content\\\/uploads\\\/2026\\\/09\\\/artikelbild-chl-start.png\",\"width\":1920,\"height\":1080},{\"@type\":\"BreadcrumbList\",\"@id\":\"https:\\\/\\\/eishockey-berlin.de\\\/eishockey\\\/2026\\\/09\\\/03\\\/chl-start-fuer-die-eisbaeren-in-der-schweiz\\\/#breadcrumb\",\"itemListElement\":[{\"@type\":\"ListItem\",\"position\":1,\"name\":\"Startseite\",\"item\":\"https:\\\/\\\/eishockey-berlin.de\\\/eishockey\\\/\"},{\"@type\":\"ListItem\",\"position\":2,\"name\":\"CHL-Start f\u00fcr die Eisb\u00e4ren in der Schweiz\"}]},{\"@type\":\"WebSite\",\"@id\":\"https:\\\/\\\/eishockey-berlin.de\\\/eishockey\\\/#website\",\"url\":\"https:\\\/\\\/eishockey-berlin.de\\\/eishockey\\\/\",\"name\":\"Puckgefl\u00fcster - Berlins Eishockey Blog\",\"description\":\"\",\"publisher\":{\"@id\":\"https:\\\/\\\/eishockey-berlin.de\\\/eishockey\\\/#organization\"},\"potentialAction\":[{\"@type\":\"SearchAction\",\"target\":{\"@type\":\"EntryPoint\",\"urlTemplate\":\"https:\\\/\\\/eishockey-berlin.de\\\/eishockey\\\/?s={search_term_string}\"},\"query-input\":{\"@type\":\"PropertyValueSpecification\",\"valueRequired\":true,\"valueName\":\"search_term_string\"}}],\"inLanguage\":\"de\"},{\"@type\":\"Organization\",\"@id\":\"https:\\\/\\\/eishockey-berlin.de\\\/eishockey\\\/#organization\",\"name\":\"Puckgefl\u00fcster\",\"url\":\"https:\\\/\\\/eishockey-berlin.de\\\/eishockey\\\/\",\"logo\":{\"@type\":\"ImageObject\",\"inLanguage\":\"de\",\"@id\":\"https:\\\/\\\/eishockey-berlin.de\\\/eishockey\\\/#\\\/schema\\\/logo\\\/image\\\/\",\"url\":\"https:\\\/\\\/eishockey-berlin.de\\\/wp-content\\\/uploads\\\/2024\\\/11\\\/cropped-cropped-cropped-cropped-Puckgefluester-Logo-Kopf-1.png\",\"contentUrl\":\"https:\\\/\\\/eishockey-berlin.de\\\/wp-content\\\/uploads\\\/2024\\\/11\\\/cropped-cropped-cropped-cropped-Puckgefluester-Logo-Kopf-1.png\",\"width\":512,\"height\":512,\"caption\":\"Puckgefl\u00fcster\"},\"image\":{\"@id\":\"https:\\\/\\\/eishockey-berlin.de\\\/eishockey\\\/#\\\/schema\\\/logo\\\/image\\\/\"},\"sameAs\":[\"https:\\\/\\\/www.facebook.com\\\/profile.php?id=100069843317955\",\"https:\\\/\\\/x.com\\\/puckgefluester\",\"https:\\\/\\\/www.instagram.com\\\/puckgefluester\"]},{\"@type\":\"Person\",\"@id\":\"https:\\\/\\\/eishockey-berlin.de\\\/eishockey\\\/#\\\/schema\\\/person\\\/0dbbd30bc31ffd0e360397dfdf586f40\",\"name\":\"Felix Markau\",\"image\":{\"@type\":\"ImageObject\",\"inLanguage\":\"de\",\"@id\":\"https:\\\/\\\/secure.gravatar.com\\\/avatar\\\/b652acc30a68c28f0600da91ef3a308835954e99b9674d3ab5fcd4e72931ef6f?s=96&d=mm&r=g\",\"url\":\"https:\\\/\\\/secure.gravatar.com\\\/avatar\\\/b652acc30a68c28f0600da91ef3a308835954e99b9674d3ab5fcd4e72931ef6f?s=96&d=mm&r=g\",\"contentUrl\":\"https:\\\/\\\/secure.gravatar.com\\\/avatar\\\/b652acc30a68c28f0600da91ef3a308835954e99b9674d3ab5fcd4e72931ef6f?s=96&d=mm&r=g\",\"caption\":\"Felix Markau\"},\"sameAs\":[\"https:\\\/\\\/eishockey-berlin.de\"],\"url\":\"https:\\\/\\\/eishockey-berlin.de\\\/eishockey\\\/author\\\/felix\\\/\"}]}<\/script>\n<!-- \/ Yoast SEO plugin. -->","yoast_head_json":{"title":"CHL-Start f\u00fcr die Eisb\u00e4ren in der Schweiz - Puckgefl\u00fcster - Berlins Eishockey Blog","robots":{"index":"index","follow":"follow","max-snippet":"max-snippet:-1","max-image-preview":"max-image-preview:large","max-video-preview":"max-video-preview:-1"},"canonical":"https:\/\/eishockey-berlin.de\/eishockey\/2026\/09\/03\/chl-start-fuer-die-eisbaeren-in-der-schweiz\/","og_locale":"de_DE","og_type":"article","og_title":"CHL-Start f\u00fcr die Eisb\u00e4ren in der Schweiz - Puckgefl\u00fcster - Berlins Eishockey Blog","og_description":"Die aktuelle Lage bei den Eisb\u00e4ren Die Eisb\u00e4ren haben laut Trainer Eric Dubois in den letzten Tagen hart und intensiv","og_url":"https:\/\/eishockey-berlin.de\/eishockey\/2026\/09\/03\/chl-start-fuer-die-eisbaeren-in-der-schweiz\/","og_site_name":"Puckgefl\u00fcster - Berlins Eishockey Blog","article_publisher":"https:\/\/www.facebook.com\/profile.php?id=100069843317955","article_published_time":"2026-09-03T16:30:30+00:00","article_modified_time":"2026-09-03T16:30:35+00:00","og_image":[{"url":"https:\/\/eishockey-berlin.de\/wp-content\/uploads\/2026\/09\/artikelbild-chl-start.png","width":800,"height":450,"type":"image\/png"}],"author":"Felix Markau","twitter_card":"summary_large_image","twitter_creator":"@puckgefluester","twitter_site":"@puckgefluester","twitter_misc":{"Verfasst von":"Felix Markau","Gesch\u00e4tzte Lesezeit":"5\u00a0Minuten"},"schema":{"@context":"https:\/\/schema.org","@graph":[{"@type":"Article","@id":"https:\/\/eishockey-berlin.de\/eishockey\/2026\/09\/03\/chl-start-fuer-die-eisbaeren-in-der-schweiz\/#article","isPartOf":{"@id":"https:\/\/eishockey-berlin.de\/eishockey\/2026\/09\/03\/chl-start-fuer-die-eisbaeren-in-der-schweiz\/"},"author":{"name":"Felix Markau","@id":"https:\/\/eishockey-berlin.de\/eishockey\/#\/schema\/person\/0dbbd30bc31ffd0e360397dfdf586f40"},"headline":"CHL-Start f\u00fcr die Eisb\u00e4ren in der Schweiz","datePublished":"2026-09-03T16:30:30+00:00","dateModified":"2026-09-03T16:30:35+00:00","mainEntityOfPage":{"@id":"https:\/\/eishockey-berlin.de\/eishockey\/2026\/09\/03\/chl-start-fuer-die-eisbaeren-in-der-schweiz\/"},"wordCount":786,"commentCount":0,"publisher":{"@id":"https:\/\/eishockey-berlin.de\/eishockey\/#organization"},"image":{"@id":"https:\/\/eishockey-berlin.de\/eishockey\/2026\/09\/03\/chl-start-fuer-die-eisbaeren-in-der-schweiz\/#primaryimage"},"thumbnailUrl":"https:\/\/eishockey-berlin.de\/wp-content\/uploads\/2026\/09\/artikelbild-chl-start.png","keywords":["Champions Hockey League","CHL","Eisb\u00e4ren Berlin","Geneve Servette","HC Davos"],"articleSection":["Vorberichte"],"inLanguage":"de","potentialAction":[{"@type":"CommentAction","name":"Comment","target":["https:\/\/eishockey-berlin.de\/eishockey\/2026\/09\/03\/chl-start-fuer-die-eisbaeren-in-der-schweiz\/#respond"]}]},{"@type":"WebPage","@id":"https:\/\/eishockey-berlin.de\/eishockey\/2026\/09\/03\/chl-start-fuer-die-eisbaeren-in-der-schweiz\/","url":"https:\/\/eishockey-berlin.de\/eishockey\/2026\/09\/03\/chl-start-fuer-die-eisbaeren-in-der-schweiz\/","name":"CHL-Start f\u00fcr die Eisb\u00e4ren in der Schweiz - Puckgefl\u00fcster - Berlins Eishockey Blog","isPartOf":{"@id":"https:\/\/eishockey-berlin.de\/eishockey\/#website"},"primaryImageOfPage":{"@id":"https:\/\/eishockey-berlin.de\/eishockey\/2026\/09\/03\/chl-start-fuer-die-eisbaeren-in-der-schweiz\/#primaryimage"},"image":{"@id":"https:\/\/eishockey-berlin.de\/eishockey\/2026\/09\/03\/chl-start-fuer-die-eisbaeren-in-der-schweiz\/#primaryimage"},"thumbnailUrl":"https:\/\/eishockey-berlin.de\/wp-content\/uploads\/2026\/09\/artikelbild-chl-start.png","datePublished":"2026-09-03T16:30:30+00:00","dateModified":"2026-09-03T16:30:35+00:00","breadcrumb":{"@id":"https:\/\/eishockey-berlin.de\/eishockey\/2026\/09\/03\/chl-start-fuer-die-eisbaeren-in-der-schweiz\/#breadcrumb"},"inLanguage":"de","potentialAction":[{"@type":"ReadAction","target":["https:\/\/eishockey-berlin.de\/eishockey\/2026\/09\/03\/chl-start-fuer-die-eisbaeren-in-der-schweiz\/"]}]},{"@type":"ImageObject","inLanguage":"de","@id":"https:\/\/eishockey-berlin.de\/eishockey\/2026\/09\/03\/chl-start-fuer-die-eisbaeren-in-der-schweiz\/#primaryimage","url":"https:\/\/eishockey-berlin.de\/wp-content\/uploads\/2026\/09\/artikelbild-chl-start.png","contentUrl":"https:\/\/eishockey-berlin.de\/wp-content\/uploads\/2026\/09\/artikelbild-chl-start.png","width":1920,"height":1080},{"@type":"BreadcrumbList","@id":"https:\/\/eishockey-berlin.de\/eishockey\/2026\/09\/03\/chl-start-fuer-die-eisbaeren-in-der-schweiz\/#breadcrumb","itemListElement":[{"@type":"ListItem","position":1,"name":"Startseite","item":"https:\/\/eishockey-berlin.de\/eishockey\/"},{"@type":"ListItem","position":2,"name":"CHL-Start f\u00fcr die Eisb\u00e4ren in der Schweiz"}]},{"@type":"WebSite","@id":"https:\/\/eishockey-berlin.de\/eishockey\/#website","url":"https:\/\/eishockey-berlin.de\/eishockey\/","name":"Puckgefl\u00fcster - Berlins Eishockey Blog","description":"","publisher":{"@id":"https:\/\/eishockey-berlin.de\/eishockey\/#organization"},"potentialAction":[{"@type":"SearchAction","target":{"@type":"EntryPoint","urlTemplate":"https:\/\/eishockey-berlin.de\/eishockey\/?s={search_term_string}"},"query-input":{"@type":"PropertyValueSpecification","valueRequired":true,"valueName":"search_term_string"}}],"inLanguage":"de"},{"@type":"Organization","@id":"https:\/\/eishockey-berlin.de\/eishockey\/#organization","name":"Puckgefl\u00fcster","url":"https:\/\/eishockey-berlin.de\/eishockey\/","logo":{"@type":"ImageObject","inLanguage":"de","@id":"https:\/\/eishockey-berlin.de\/eishockey\/#\/schema\/logo\/image\/","url":"https:\/\/eishockey-berlin.de\/wp-content\/uploads\/2024\/11\/cropped-cropped-cropped-cropped-Puckgefluester-Logo-Kopf-1.png","contentUrl":"https:\/\/eishockey-berlin.de\/wp-content\/uploads\/2024\/11\/cropped-cropped-cropped-cropped-Puckgefluester-Logo-Kopf-1.png","width":512,"height":512,"caption":"Puckgefl\u00fcster"},"image":{"@id":"https:\/\/eishockey-berlin.de\/eishockey\/#\/schema\/logo\/image\/"},"sameAs":["https:\/\/www.facebook.com\/profile.php?id=100069843317955","https:\/\/x.com\/puckgefluester","https:\/\/www.instagram.com\/puckgefluester"]},{"@type":"Person","@id":"https:\/\/eishockey-berlin.de\/eishockey\/#\/schema\/person\/0dbbd30bc31ffd0e360397dfdf586f40","name":"Felix Markau","image":{"@type":"ImageObject","inLanguage":"de","@id":"https:\/\/secure.gravatar.com\/avatar\/b652acc30a68c28f0600da91ef3a308835954e99b9674d3ab5fcd4e72931ef6f?s=96&d=mm&r=g","url":"https:\/\/secure.gravatar.com\/avatar\/b652acc30a68c28f0600da91ef3a308835954e99b9674d3ab5fcd4e72931ef6f?s=96&d=mm&r=g","contentUrl":"https:\/\/secure.gravatar.com\/avatar\/b652acc30a68c28f0600da91ef3a308835954e99b9674d3ab5fcd4e72931ef6f?s=96&d=mm&r=g","caption":"Felix Markau"},"sameAs":["https:\/\/eishockey-berlin.de"],"url":"https:\/\/eishockey-berlin.de\/eishockey\/author\/felix\/"}]}},"_links":{"self":[{"href":"https:\/\/eishockey-berlin.de\/eishockey\/wp-json\/wp\/v2\/posts\/2659","targetHints":{"allow":["GET"]}}],"collection":[{"href":"https:\/\/eishockey-berlin.de\/eishockey\/wp-json\/wp\/v2\/posts"}],"about":[{"href":"https:\/\/eishockey-berlin.de\/eishockey\/wp-json\/wp\/v2\/types\/post"}],"author":[{"embeddable":true,"href":"https:\/\/eishockey-berlin.de\/eishockey\/wp-json\/wp\/v2\/users\/4"}],"replies":[{"embeddable":true,"href":"https:\/\/eishockey-berlin.de\/eishockey\/wp-json\/wp\/v2\/comments?post=2659"}],"version-history":[{"count":5,"href":"https:\/\/eishockey-berlin.de\/eishockey\/wp-json\/wp\/v2\/posts\/2659\/revisions"}],"predecessor-version":[{"id":2668,"href":"https:\/\/eishockey-berlin.de\/eishockey\/wp-json\/wp\/v2\/posts\/2659\/revisions\/2668"}],"wp:featuredmedia":[{"embeddable":true,"href":"https:\/\/eishockey-berlin.de\/eishockey\/wp-json\/wp\/v2\/media\/2666"}],"wp:attachment":[{"href":"https:\/\/eishockey-berlin.de\/eishockey\/wp-json\/wp\/v2\/media?parent=2659"}],"wp:term":[{"taxonomy":"category","embeddable":true,"href":"https:\/\/eishockey-berlin.de\/eishockey\/wp-json\/wp\/v2\/categories?post=2659"},{"taxonomy":"post_tag","embeddable":true,"href":"https:\/\/eishockey-berlin.de\/eishockey\/wp-json\/wp\/v2\/tags?post=2659"}],"curies":[{"name":"wp","href":"https:\/\/api.w.org\/{rel}","templated":true}]}}