{"id":2193,"date":"2026-03-12T18:46:42","date_gmt":"2026-03-12T17:46:42","guid":{"rendered":"https:\/\/eishockey-berlin.de\/eishockey\/?p=2193"},"modified":"2026-03-12T18:46:45","modified_gmt":"2026-03-12T17:46:45","slug":"heimspiel-kracher-vor-den-playoffs","status":"publish","type":"post","link":"https:\/\/eishockey-berlin.de\/eishockey\/2026\/03\/12\/heimspiel-kracher-vor-den-playoffs\/","title":{"rendered":"Heimspiel-Kracher vor den Playoffs"},"content":{"rendered":"\n<p><strong>Die aktuelle Lage bei den Eisb\u00e4ren<\/strong><\/p>\n\n\n\n<p>Etwas ungewohnt, aber doch die Realit\u00e4t: Nach drei Ausw\u00e4rtssiegen in Dresden (5:2), N\u00fcrnberg (5:4) und beim DEL-Primus in K\u00f6ln (1:0) herrscht bei den Eisb\u00e4ren derzeit gute Laune und durchaus Optimismus vor dem bevorstehenden schweren Heimspiel-Wochenende mit den Kracher-Spielen gegen Mannheim und M\u00fcnchen. Die Berliner wollen den j\u00fcngst eroberten sechsten Platz unter keinen Umst\u00e4nden wieder hergeben. Derzeit liegt der EHC mit 79 Punkten zwei Punkte vor Bremerhaven, die am Freitag in N\u00fcrnberg zu Gast sind und am Sonntag zum Hauptrunden-Abschluss den designierten Absteiger aus Dresden empfangen.<\/p>\n\n\n\n<p>Vor allem der \u00fcberraschende Sieg in K\u00f6ln lie\u00df das Selbstvertrauen im Eisb\u00e4ren-Team wieder steigen. Der erste Shutout von <strong>Jonas Stettmer <\/strong>in dieser Saison kam auch dank einer sehr disziplinierten Spielweise des Rekordmeisters zustande. Bei aller Freude darf man nat\u00fcrlich nicht vergessen, dass die Haie bereits vorzeitig als Hauptrunden-Sieger feststanden und den einen oder anderen Leistungstr\u00e4ger schonten. Wir d\u00fcrfen gespannt sein, ob die Eisb\u00e4ren trotz der hochkar\u00e4tigen Gegner am Wochenende den direkten Einzug ins Playoff-Viertelfinale schaffen werden. Falls nicht, w\u00fcrden am Dienstag die Pre-Playoffs in der Uber Arena beginnen.<\/p>\n\n\n\n<figure class=\"wp-block-image size-full\"><img loading=\"lazy\" decoding=\"async\" width=\"1600\" height=\"1012\" src=\"https:\/\/eishockey-berlin.de\/wp-content\/uploads\/2026\/03\/Stettmer.jpg\" alt=\"\" class=\"wp-image-2195\" srcset=\"https:\/\/eishockey-berlin.de\/wp-content\/uploads\/2026\/03\/Stettmer.jpg 1600w, https:\/\/eishockey-berlin.de\/wp-content\/uploads\/2026\/03\/Stettmer-768x486.jpg 768w, https:\/\/eishockey-berlin.de\/wp-content\/uploads\/2026\/03\/Stettmer-1536x972.jpg 1536w\" sizes=\"auto, (max-width: 1600px) 100vw, 1600px\" \/><figcaption class=\"wp-element-caption\">Der scheidende Eisb\u00e4ren-Goalie Jonas Stettmer feierte beim 1:0-Erfolg in K\u00f6ln seinen ersten Shutout in dieser Saison. (Foto von Marco Leipold \/ City-Press GmbH Bildagentur)<\/figcaption><\/figure>\n\n\n\n<p><strong>Der Gegner am Freitag: Adler Mannheim<\/strong><\/p>\n\n\n\n<p>Der sportliche Erzfeind aus der Kurpfalz gibt sich zum Ende der Hauptrunde noch einmal die Ehre. Viele Eisb\u00e4ren-Fans denken sicherlich sehr gerne an einen der wenigen H\u00f6hepunkte dieser Saison zur\u00fcck: Den 4:3-Overtime der Berliner gegen die Adler nach 1:3-R\u00fcckstand, als <strong>Markus Vikingstad <\/strong>mit seinem wunderbaren Solo das Tor der Saison erzielte und <strong>Ty Ronning <\/strong>in der Verl\u00e4ngerung doch noch zum nicht mehr f\u00fcr m\u00f6glich gehaltenen Sieg traf und die Uber Arena zum Beben brachte.<\/p>\n\n\n\n<p>Die Adler liegen derzeit mit 100 Punkten auf Platz drei und spielen eine zufriedenstellende Saison. Zuletzt gelangen den Adlern beim 5:1 gegen K\u00f6ln sowie beim 4:0 in Ingolstadt zwei beeindruckende Siege. Die Tiefe des Adler-Kaders ist die gro\u00dfe St\u00e4rke der Mannheimer. Neben den starken Torh\u00fctern <strong>Maxi Franzreb <\/strong>und <strong>Johan Mattsson <\/strong>ragt mit Ausnahme von Top-Verteidiger <strong>Nick Mattinen <\/strong>(47 Punkte), der zudem der Topscorer der Adler ist, kaum jemand so wirklich aus dem starken Kollektiv heraus. Wir sind trotz allem optimistisch und tippen auf einen hei\u00df erk\u00e4mpften 3:2-Sieg der Eisb\u00e4ren gegen Mannheim (Spielbeginn: 19:30 Uhr)<\/p>\n\n\n\n<figure class=\"wp-block-image size-full\"><img loading=\"lazy\" decoding=\"async\" width=\"731\" height=\"960\" src=\"https:\/\/eishockey-berlin.de\/wp-content\/uploads\/2026\/03\/Mattinen.jpg\" alt=\"\" class=\"wp-image-2196\"\/><figcaption class=\"wp-element-caption\">Offensiv-Verteidiger Nicolas Mattinen ist mit 47 Punkten (20 Tore, 27 Vorlagen) der Topscorer der Adler Mannhein. (Foto von Bruno Dietrich \/ City-Press GmbH Bildagentur)<\/figcaption><\/figure>\n\n\n\n<p><strong>Der Gegner am Sonntag: Red Bull M\u00fcnchen<\/strong><\/p>\n\n\n\n<p>Die M\u00fcnchner spielen ebenfalls eine solide Saison und stehen mit 97 Punkten auf Platz vier. Nach anf\u00e4nglichen Problemen \u00fcberzeugt vor allem die starke Defensive um Top-Goalie <strong>Antoine Bibeau<\/strong>. Nur Mannheim (116) kassierte bislang weniger Gegentore als M\u00fcnchen (120). Die Red Bulls sind gut drauf und gewannen f\u00fcnf ihrer letzten sechs Spiele. Auch im M\u00fcnchner Kader herrscht auf Grund der Tiefe ein gro\u00dfer Konkurrenzkampf, den zuletzt auch Ex-Eisb\u00e4ren-St\u00fcrmer <strong>Gabriel Fontaine <\/strong>zu sp\u00fcren bekam. Die Nummer 97 durfte das letzte Wochenende auf der Trib\u00fcne verbringen. Angesichts seiner nur 21 Punkte in 37 Spielen d\u00fcrfte sich der ehemalige Eisb\u00e4r sein erstes Jahr in der bayrischen Landeshauptstadt wohl auch etwas anders vorgestellt haben. RB muss derzeit erneut auf den verletzten <strong>Mathias Niederberger <\/strong>verzichten, sodass Bibeau die Hauptlast der Spiele tragen muss, \u00e4hnlich wie Jonas Stettmer dies derzeit bei den Eisb\u00e4ren tut. Wir erwarten einen gewohnt unangenehmen Gegner und tippen auf eine 2:4-Niederlage der Eisb\u00e4ren gegen die Red Bulls aus M\u00fcnchen (Spielbeginn: 14:00 Uhr).<\/p>\n\n\n\n<figure class=\"wp-block-image size-full\"><img loading=\"lazy\" decoding=\"async\" width=\"1600\" height=\"994\" src=\"https:\/\/eishockey-berlin.de\/wp-content\/uploads\/2026\/03\/Hirose3.jpg\" alt=\"\" class=\"wp-image-2197\" srcset=\"https:\/\/eishockey-berlin.de\/wp-content\/uploads\/2026\/03\/Hirose3.jpg 1600w, https:\/\/eishockey-berlin.de\/wp-content\/uploads\/2026\/03\/Hirose3-768x477.jpg 768w, https:\/\/eishockey-berlin.de\/wp-content\/uploads\/2026\/03\/Hirose3-1536x954.jpg 1536w\" sizes=\"auto, (max-width: 1600px) 100vw, 1600px\" \/><figcaption class=\"wp-element-caption\">Taro Hirose ist mit 51 Punkten (9 Tore, 42 Vorlagen) aus 48 Spielen der Topscorer von Red Bull M\u00fcnchen. (Foto von City-Press GmbH Bildagentur)<\/figcaption><\/figure>\n","protected":false},"excerpt":{"rendered":"<p>Die aktuelle Lage bei den Eisb\u00e4ren Etwas ungewohnt, aber doch die Realit\u00e4t: Nach drei Ausw\u00e4rtssiegen in Dresden (5:2), N\u00fcrnberg (5:4)<\/p>\n","protected":false},"author":4,"featured_media":2194,"comment_status":"open","ping_status":"open","sticky":false,"template":"","format":"standard","meta":{"colormag_page_layout":"default_layout","footnotes":""},"categories":[6],"tags":[35,14,38],"class_list":["post-2193","post","type-post","status-publish","format-standard","has-post-thumbnail","hentry","category-vorberichte","tag-adler-mannheim","tag-eisbaeren-berlin","tag-red-bull-muenchen"],"yoast_head":"<!-- This site is optimized with the Yoast SEO plugin v25.9 - https:\/\/yoast.com\/wordpress\/plugins\/seo\/ -->\n<title>Heimspiel-Kracher vor den Playoffs - Puckgefl\u00fcster - Berlins Eishockey Blog<\/title>\n<meta name=\"robots\" content=\"index, follow, max-snippet:-1, max-image-preview:large, max-video-preview:-1\" \/>\n<link rel=\"canonical\" href=\"https:\/\/eishockey-berlin.de\/eishockey\/2026\/03\/12\/heimspiel-kracher-vor-den-playoffs\/\" \/>\n<meta property=\"og:locale\" content=\"de_DE\" \/>\n<meta property=\"og:type\" content=\"article\" \/>\n<meta property=\"og:title\" content=\"Heimspiel-Kracher vor den Playoffs - Puckgefl\u00fcster - Berlins Eishockey Blog\" \/>\n<meta property=\"og:description\" content=\"Die aktuelle Lage bei den Eisb\u00e4ren Etwas ungewohnt, aber doch die Realit\u00e4t: Nach drei Ausw\u00e4rtssiegen in Dresden (5:2), N\u00fcrnberg (5:4)\" \/>\n<meta property=\"og:url\" content=\"https:\/\/eishockey-berlin.de\/eishockey\/2026\/03\/12\/heimspiel-kracher-vor-den-playoffs\/\" \/>\n<meta property=\"og:site_name\" content=\"Puckgefl\u00fcster - Berlins Eishockey Blog\" \/>\n<meta property=\"article:publisher\" content=\"https:\/\/www.facebook.com\/profile.php?id=100069843317955\" \/>\n<meta property=\"article:published_time\" content=\"2026-03-12T17:46:42+00:00\" \/>\n<meta property=\"article:modified_time\" content=\"2026-03-12T17:46:45+00:00\" \/>\n<meta property=\"og:image\" content=\"https:\/\/eishockey-berlin.de\/wp-content\/uploads\/2026\/03\/Eder3.jpg\" \/>\n\t<meta property=\"og:image:width\" content=\"1600\" \/>\n\t<meta property=\"og:image:height\" content=\"993\" \/>\n\t<meta property=\"og:image:type\" content=\"image\/jpeg\" \/>\n<meta name=\"author\" content=\"Felix Markau\" \/>\n<meta name=\"twitter:card\" content=\"summary_large_image\" \/>\n<meta name=\"twitter:creator\" content=\"@puckgefluester\" \/>\n<meta name=\"twitter:site\" content=\"@puckgefluester\" \/>\n<meta name=\"twitter:label1\" content=\"Verfasst von\" \/>\n\t<meta name=\"twitter:data1\" content=\"Felix Markau\" \/>\n\t<meta name=\"twitter:label2\" content=\"Gesch\u00e4tzte Lesezeit\" \/>\n\t<meta name=\"twitter:data2\" content=\"5\u00a0Minuten\" \/>\n<script type=\"application\/ld+json\" class=\"yoast-schema-graph\">{\"@context\":\"https:\/\/schema.org\",\"@graph\":[{\"@type\":\"Article\",\"@id\":\"https:\/\/eishockey-berlin.de\/eishockey\/2026\/03\/12\/heimspiel-kracher-vor-den-playoffs\/#article\",\"isPartOf\":{\"@id\":\"https:\/\/eishockey-berlin.de\/eishockey\/2026\/03\/12\/heimspiel-kracher-vor-den-playoffs\/\"},\"author\":{\"name\":\"Felix Markau\",\"@id\":\"https:\/\/eishockey-berlin.de\/eishockey\/#\/schema\/person\/0dbbd30bc31ffd0e360397dfdf586f40\"},\"headline\":\"Heimspiel-Kracher vor den Playoffs\",\"datePublished\":\"2026-03-12T17:46:42+00:00\",\"dateModified\":\"2026-03-12T17:46:45+00:00\",\"mainEntityOfPage\":{\"@id\":\"https:\/\/eishockey-berlin.de\/eishockey\/2026\/03\/12\/heimspiel-kracher-vor-den-playoffs\/\"},\"wordCount\":620,\"commentCount\":0,\"publisher\":{\"@id\":\"https:\/\/eishockey-berlin.de\/eishockey\/#organization\"},\"image\":{\"@id\":\"https:\/\/eishockey-berlin.de\/eishockey\/2026\/03\/12\/heimspiel-kracher-vor-den-playoffs\/#primaryimage\"},\"thumbnailUrl\":\"https:\/\/eishockey-berlin.de\/wp-content\/uploads\/2026\/03\/Eder3.jpg\",\"keywords\":[\"Adler Mannheim\",\"Eisb\u00e4ren Berlin\",\"Red Bull M\u00fcnchen\"],\"articleSection\":[\"Vorberichte\"],\"inLanguage\":\"de\",\"potentialAction\":[{\"@type\":\"CommentAction\",\"name\":\"Comment\",\"target\":[\"https:\/\/eishockey-berlin.de\/eishockey\/2026\/03\/12\/heimspiel-kracher-vor-den-playoffs\/#respond\"]}]},{\"@type\":\"WebPage\",\"@id\":\"https:\/\/eishockey-berlin.de\/eishockey\/2026\/03\/12\/heimspiel-kracher-vor-den-playoffs\/\",\"url\":\"https:\/\/eishockey-berlin.de\/eishockey\/2026\/03\/12\/heimspiel-kracher-vor-den-playoffs\/\",\"name\":\"Heimspiel-Kracher vor den Playoffs - Puckgefl\u00fcster - Berlins Eishockey Blog\",\"isPartOf\":{\"@id\":\"https:\/\/eishockey-berlin.de\/eishockey\/#website\"},\"primaryImageOfPage\":{\"@id\":\"https:\/\/eishockey-berlin.de\/eishockey\/2026\/03\/12\/heimspiel-kracher-vor-den-playoffs\/#primaryimage\"},\"image\":{\"@id\":\"https:\/\/eishockey-berlin.de\/eishockey\/2026\/03\/12\/heimspiel-kracher-vor-den-playoffs\/#primaryimage\"},\"thumbnailUrl\":\"https:\/\/eishockey-berlin.de\/wp-content\/uploads\/2026\/03\/Eder3.jpg\",\"datePublished\":\"2026-03-12T17:46:42+00:00\",\"dateModified\":\"2026-03-12T17:46:45+00:00\",\"breadcrumb\":{\"@id\":\"https:\/\/eishockey-berlin.de\/eishockey\/2026\/03\/12\/heimspiel-kracher-vor-den-playoffs\/#breadcrumb\"},\"inLanguage\":\"de\",\"potentialAction\":[{\"@type\":\"ReadAction\",\"target\":[\"https:\/\/eishockey-berlin.de\/eishockey\/2026\/03\/12\/heimspiel-kracher-vor-den-playoffs\/\"]}]},{\"@type\":\"ImageObject\",\"inLanguage\":\"de\",\"@id\":\"https:\/\/eishockey-berlin.de\/eishockey\/2026\/03\/12\/heimspiel-kracher-vor-den-playoffs\/#primaryimage\",\"url\":\"https:\/\/eishockey-berlin.de\/wp-content\/uploads\/2026\/03\/Eder3.jpg\",\"contentUrl\":\"https:\/\/eishockey-berlin.de\/wp-content\/uploads\/2026\/03\/Eder3.jpg\",\"width\":1600,\"height\":993,\"caption\":\"Andreas Eder von den Eisb\u008aren Berlin f\u009fhrt den Puck w\u008ahrend des Spiels zwischen den Eisb\u008aren Berlin und den Iserlohn Roosters am 27.02.2026 in Berlin, Deutschland. (Foto von Marco Leipold \/ City-Press GmbH Bildagentur)\"},{\"@type\":\"BreadcrumbList\",\"@id\":\"https:\/\/eishockey-berlin.de\/eishockey\/2026\/03\/12\/heimspiel-kracher-vor-den-playoffs\/#breadcrumb\",\"itemListElement\":[{\"@type\":\"ListItem\",\"position\":1,\"name\":\"Startseite\",\"item\":\"https:\/\/eishockey-berlin.de\/eishockey\/\"},{\"@type\":\"ListItem\",\"position\":2,\"name\":\"Heimspiel-Kracher vor den Playoffs\"}]},{\"@type\":\"WebSite\",\"@id\":\"https:\/\/eishockey-berlin.de\/eishockey\/#website\",\"url\":\"https:\/\/eishockey-berlin.de\/eishockey\/\",\"name\":\"Puckgefl\u00fcster - Berlins Eishockey Blog\",\"description\":\"\",\"publisher\":{\"@id\":\"https:\/\/eishockey-berlin.de\/eishockey\/#organization\"},\"potentialAction\":[{\"@type\":\"SearchAction\",\"target\":{\"@type\":\"EntryPoint\",\"urlTemplate\":\"https:\/\/eishockey-berlin.de\/eishockey\/?s={search_term_string}\"},\"query-input\":{\"@type\":\"PropertyValueSpecification\",\"valueRequired\":true,\"valueName\":\"search_term_string\"}}],\"inLanguage\":\"de\"},{\"@type\":\"Organization\",\"@id\":\"https:\/\/eishockey-berlin.de\/eishockey\/#organization\",\"name\":\"Puckgefl\u00fcster\",\"url\":\"https:\/\/eishockey-berlin.de\/eishockey\/\",\"logo\":{\"@type\":\"ImageObject\",\"inLanguage\":\"de\",\"@id\":\"https:\/\/eishockey-berlin.de\/eishockey\/#\/schema\/logo\/image\/\",\"url\":\"https:\/\/eishockey-berlin.de\/wp-content\/uploads\/2024\/11\/cropped-cropped-cropped-cropped-Puckgefluester-Logo-Kopf-1.png\",\"contentUrl\":\"https:\/\/eishockey-berlin.de\/wp-content\/uploads\/2024\/11\/cropped-cropped-cropped-cropped-Puckgefluester-Logo-Kopf-1.png\",\"width\":512,\"height\":512,\"caption\":\"Puckgefl\u00fcster\"},\"image\":{\"@id\":\"https:\/\/eishockey-berlin.de\/eishockey\/#\/schema\/logo\/image\/\"},\"sameAs\":[\"https:\/\/www.facebook.com\/profile.php?id=100069843317955\",\"https:\/\/x.com\/puckgefluester\",\"https:\/\/www.instagram.com\/puckgefluester\"]},{\"@type\":\"Person\",\"@id\":\"https:\/\/eishockey-berlin.de\/eishockey\/#\/schema\/person\/0dbbd30bc31ffd0e360397dfdf586f40\",\"name\":\"Felix Markau\",\"image\":{\"@type\":\"ImageObject\",\"inLanguage\":\"de\",\"@id\":\"https:\/\/eishockey-berlin.de\/eishockey\/#\/schema\/person\/image\/\",\"url\":\"https:\/\/secure.gravatar.com\/avatar\/b652acc30a68c28f0600da91ef3a308835954e99b9674d3ab5fcd4e72931ef6f?s=96&d=mm&r=g\",\"contentUrl\":\"https:\/\/secure.gravatar.com\/avatar\/b652acc30a68c28f0600da91ef3a308835954e99b9674d3ab5fcd4e72931ef6f?s=96&d=mm&r=g\",\"caption\":\"Felix Markau\"},\"sameAs\":[\"https:\/\/eishockey-berlin.de\"],\"url\":\"https:\/\/eishockey-berlin.de\/eishockey\/author\/felix\/\"}]}<\/script>\n<!-- \/ Yoast SEO plugin. -->","yoast_head_json":{"title":"Heimspiel-Kracher vor den Playoffs - Puckgefl\u00fcster - Berlins Eishockey Blog","robots":{"index":"index","follow":"follow","max-snippet":"max-snippet:-1","max-image-preview":"max-image-preview:large","max-video-preview":"max-video-preview:-1"},"canonical":"https:\/\/eishockey-berlin.de\/eishockey\/2026\/03\/12\/heimspiel-kracher-vor-den-playoffs\/","og_locale":"de_DE","og_type":"article","og_title":"Heimspiel-Kracher vor den Playoffs - Puckgefl\u00fcster - Berlins Eishockey Blog","og_description":"Die aktuelle Lage bei den Eisb\u00e4ren Etwas ungewohnt, aber doch die Realit\u00e4t: Nach drei Ausw\u00e4rtssiegen in Dresden (5:2), N\u00fcrnberg (5:4)","og_url":"https:\/\/eishockey-berlin.de\/eishockey\/2026\/03\/12\/heimspiel-kracher-vor-den-playoffs\/","og_site_name":"Puckgefl\u00fcster - Berlins Eishockey Blog","article_publisher":"https:\/\/www.facebook.com\/profile.php?id=100069843317955","article_published_time":"2026-03-12T17:46:42+00:00","article_modified_time":"2026-03-12T17:46:45+00:00","og_image":[{"width":1600,"height":993,"url":"https:\/\/eishockey-berlin.de\/wp-content\/uploads\/2026\/03\/Eder3.jpg","type":"image\/jpeg"}],"author":"Felix Markau","twitter_card":"summary_large_image","twitter_creator":"@puckgefluester","twitter_site":"@puckgefluester","twitter_misc":{"Verfasst von":"Felix Markau","Gesch\u00e4tzte Lesezeit":"5\u00a0Minuten"},"schema":{"@context":"https:\/\/schema.org","@graph":[{"@type":"Article","@id":"https:\/\/eishockey-berlin.de\/eishockey\/2026\/03\/12\/heimspiel-kracher-vor-den-playoffs\/#article","isPartOf":{"@id":"https:\/\/eishockey-berlin.de\/eishockey\/2026\/03\/12\/heimspiel-kracher-vor-den-playoffs\/"},"author":{"name":"Felix Markau","@id":"https:\/\/eishockey-berlin.de\/eishockey\/#\/schema\/person\/0dbbd30bc31ffd0e360397dfdf586f40"},"headline":"Heimspiel-Kracher vor den Playoffs","datePublished":"2026-03-12T17:46:42+00:00","dateModified":"2026-03-12T17:46:45+00:00","mainEntityOfPage":{"@id":"https:\/\/eishockey-berlin.de\/eishockey\/2026\/03\/12\/heimspiel-kracher-vor-den-playoffs\/"},"wordCount":620,"commentCount":0,"publisher":{"@id":"https:\/\/eishockey-berlin.de\/eishockey\/#organization"},"image":{"@id":"https:\/\/eishockey-berlin.de\/eishockey\/2026\/03\/12\/heimspiel-kracher-vor-den-playoffs\/#primaryimage"},"thumbnailUrl":"https:\/\/eishockey-berlin.de\/wp-content\/uploads\/2026\/03\/Eder3.jpg","keywords":["Adler Mannheim","Eisb\u00e4ren Berlin","Red Bull M\u00fcnchen"],"articleSection":["Vorberichte"],"inLanguage":"de","potentialAction":[{"@type":"CommentAction","name":"Comment","target":["https:\/\/eishockey-berlin.de\/eishockey\/2026\/03\/12\/heimspiel-kracher-vor-den-playoffs\/#respond"]}]},{"@type":"WebPage","@id":"https:\/\/eishockey-berlin.de\/eishockey\/2026\/03\/12\/heimspiel-kracher-vor-den-playoffs\/","url":"https:\/\/eishockey-berlin.de\/eishockey\/2026\/03\/12\/heimspiel-kracher-vor-den-playoffs\/","name":"Heimspiel-Kracher vor den Playoffs - Puckgefl\u00fcster - Berlins Eishockey Blog","isPartOf":{"@id":"https:\/\/eishockey-berlin.de\/eishockey\/#website"},"primaryImageOfPage":{"@id":"https:\/\/eishockey-berlin.de\/eishockey\/2026\/03\/12\/heimspiel-kracher-vor-den-playoffs\/#primaryimage"},"image":{"@id":"https:\/\/eishockey-berlin.de\/eishockey\/2026\/03\/12\/heimspiel-kracher-vor-den-playoffs\/#primaryimage"},"thumbnailUrl":"https:\/\/eishockey-berlin.de\/wp-content\/uploads\/2026\/03\/Eder3.jpg","datePublished":"2026-03-12T17:46:42+00:00","dateModified":"2026-03-12T17:46:45+00:00","breadcrumb":{"@id":"https:\/\/eishockey-berlin.de\/eishockey\/2026\/03\/12\/heimspiel-kracher-vor-den-playoffs\/#breadcrumb"},"inLanguage":"de","potentialAction":[{"@type":"ReadAction","target":["https:\/\/eishockey-berlin.de\/eishockey\/2026\/03\/12\/heimspiel-kracher-vor-den-playoffs\/"]}]},{"@type":"ImageObject","inLanguage":"de","@id":"https:\/\/eishockey-berlin.de\/eishockey\/2026\/03\/12\/heimspiel-kracher-vor-den-playoffs\/#primaryimage","url":"https:\/\/eishockey-berlin.de\/wp-content\/uploads\/2026\/03\/Eder3.jpg","contentUrl":"https:\/\/eishockey-berlin.de\/wp-content\/uploads\/2026\/03\/Eder3.jpg","width":1600,"height":993,"caption":"Andreas Eder von den Eisb\u008aren Berlin f\u009fhrt den Puck w\u008ahrend des Spiels zwischen den Eisb\u008aren Berlin und den Iserlohn Roosters am 27.02.2026 in Berlin, Deutschland. (Foto von Marco Leipold \/ City-Press GmbH Bildagentur)"},{"@type":"BreadcrumbList","@id":"https:\/\/eishockey-berlin.de\/eishockey\/2026\/03\/12\/heimspiel-kracher-vor-den-playoffs\/#breadcrumb","itemListElement":[{"@type":"ListItem","position":1,"name":"Startseite","item":"https:\/\/eishockey-berlin.de\/eishockey\/"},{"@type":"ListItem","position":2,"name":"Heimspiel-Kracher vor den Playoffs"}]},{"@type":"WebSite","@id":"https:\/\/eishockey-berlin.de\/eishockey\/#website","url":"https:\/\/eishockey-berlin.de\/eishockey\/","name":"Puckgefl\u00fcster - Berlins Eishockey Blog","description":"","publisher":{"@id":"https:\/\/eishockey-berlin.de\/eishockey\/#organization"},"potentialAction":[{"@type":"SearchAction","target":{"@type":"EntryPoint","urlTemplate":"https:\/\/eishockey-berlin.de\/eishockey\/?s={search_term_string}"},"query-input":{"@type":"PropertyValueSpecification","valueRequired":true,"valueName":"search_term_string"}}],"inLanguage":"de"},{"@type":"Organization","@id":"https:\/\/eishockey-berlin.de\/eishockey\/#organization","name":"Puckgefl\u00fcster","url":"https:\/\/eishockey-berlin.de\/eishockey\/","logo":{"@type":"ImageObject","inLanguage":"de","@id":"https:\/\/eishockey-berlin.de\/eishockey\/#\/schema\/logo\/image\/","url":"https:\/\/eishockey-berlin.de\/wp-content\/uploads\/2024\/11\/cropped-cropped-cropped-cropped-Puckgefluester-Logo-Kopf-1.png","contentUrl":"https:\/\/eishockey-berlin.de\/wp-content\/uploads\/2024\/11\/cropped-cropped-cropped-cropped-Puckgefluester-Logo-Kopf-1.png","width":512,"height":512,"caption":"Puckgefl\u00fcster"},"image":{"@id":"https:\/\/eishockey-berlin.de\/eishockey\/#\/schema\/logo\/image\/"},"sameAs":["https:\/\/www.facebook.com\/profile.php?id=100069843317955","https:\/\/x.com\/puckgefluester","https:\/\/www.instagram.com\/puckgefluester"]},{"@type":"Person","@id":"https:\/\/eishockey-berlin.de\/eishockey\/#\/schema\/person\/0dbbd30bc31ffd0e360397dfdf586f40","name":"Felix Markau","image":{"@type":"ImageObject","inLanguage":"de","@id":"https:\/\/eishockey-berlin.de\/eishockey\/#\/schema\/person\/image\/","url":"https:\/\/secure.gravatar.com\/avatar\/b652acc30a68c28f0600da91ef3a308835954e99b9674d3ab5fcd4e72931ef6f?s=96&d=mm&r=g","contentUrl":"https:\/\/secure.gravatar.com\/avatar\/b652acc30a68c28f0600da91ef3a308835954e99b9674d3ab5fcd4e72931ef6f?s=96&d=mm&r=g","caption":"Felix Markau"},"sameAs":["https:\/\/eishockey-berlin.de"],"url":"https:\/\/eishockey-berlin.de\/eishockey\/author\/felix\/"}]}},"_links":{"self":[{"href":"https:\/\/eishockey-berlin.de\/eishockey\/wp-json\/wp\/v2\/posts\/2193","targetHints":{"allow":["GET"]}}],"collection":[{"href":"https:\/\/eishockey-berlin.de\/eishockey\/wp-json\/wp\/v2\/posts"}],"about":[{"href":"https:\/\/eishockey-berlin.de\/eishockey\/wp-json\/wp\/v2\/types\/post"}],"author":[{"embeddable":true,"href":"https:\/\/eishockey-berlin.de\/eishockey\/wp-json\/wp\/v2\/users\/4"}],"replies":[{"embeddable":true,"href":"https:\/\/eishockey-berlin.de\/eishockey\/wp-json\/wp\/v2\/comments?post=2193"}],"version-history":[{"count":5,"href":"https:\/\/eishockey-berlin.de\/eishockey\/wp-json\/wp\/v2\/posts\/2193\/revisions"}],"predecessor-version":[{"id":2202,"href":"https:\/\/eishockey-berlin.de\/eishockey\/wp-json\/wp\/v2\/posts\/2193\/revisions\/2202"}],"wp:featuredmedia":[{"embeddable":true,"href":"https:\/\/eishockey-berlin.de\/eishockey\/wp-json\/wp\/v2\/media\/2194"}],"wp:attachment":[{"href":"https:\/\/eishockey-berlin.de\/eishockey\/wp-json\/wp\/v2\/media?parent=2193"}],"wp:term":[{"taxonomy":"category","embeddable":true,"href":"https:\/\/eishockey-berlin.de\/eishockey\/wp-json\/wp\/v2\/categories?post=2193"},{"taxonomy":"post_tag","embeddable":true,"href":"https:\/\/eishockey-berlin.de\/eishockey\/wp-json\/wp\/v2\/tags?post=2193"}],"curies":[{"name":"wp","href":"https:\/\/api.w.org\/{rel}","templated":true}]}}