{"id":2185,"date":"2026-03-07T08:38:11","date_gmt":"2026-03-07T07:38:11","guid":{"rendered":"https:\/\/eishockey-berlin.de\/eishockey\/?p=2185"},"modified":"2026-03-07T08:38:13","modified_gmt":"2026-03-07T07:38:13","slug":"sieg-in-nuernberg-bringt-platz-sechs","status":"publish","type":"post","link":"https:\/\/eishockey-berlin.de\/eishockey\/2026\/03\/07\/sieg-in-nuernberg-bringt-platz-sechs\/","title":{"rendered":"Sieg in N\u00fcrnberg bringt Platz sechs"},"content":{"rendered":"\n<p>Die Eisb\u00e4ren gewannen in N\u00fcrnberg ein umk\u00e4mpftes Spiel mit 5:4 und eroberten damit zumindest vor\u00fcbergehend den hei\u00df begehrten sechsten Platz. <strong>Marcel Noebels<\/strong>,<strong> Jean-Sebastien Dea<\/strong>,<strong> Yannick Veilleux<\/strong>, <strong>Eric H\u00f6rdler<\/strong> und <strong>Liam Kirk<\/strong> trafen f\u00fcr die Berliner. Nach dem 5:2-Erfolg in Dresden (Tore: <strong>Ronning, Lancaster, Wissmann, Eder, M\u00fcller<\/strong>) war es der zweiten Eisb\u00e4ren-Sieg in Folge.<\/p>\n\n\n\n<p>Die Eisb\u00e4ren gaben am Freitag das vorzeitige Saisonende von Verteidiger <strong>Korbinian Geibel<\/strong> (Schulterverletzung) bekannt. Geibel ist damit bereits der sechste langfristige Ausfall im Eisb\u00e4ren-Kader. Diese Saison ist und bleibt regelrecht verhext. Seinen Platz an der Seite von Adam Smith nahm Youngster Moritz Kretzschmar ein, auf den wir sp\u00e4ter noch zu sprechen kommen.<\/p>\n\n\n\n<p>Das erste Drittel verlief recht ereignislos. Weder die Ice Tigers noch die Eisb\u00e4ren konnten sich gro\u00dfe Torchancen erarbeiten. Mit einem 0:0 ging es folgerichtig in die Kabinen. Im zweiten Drittel sollte deutlich mehr Spektakel geboten werden. Marcel Noebels kam \u00fcber links ins Drittel, wollte eigentlich Ty Ronning bedienen, blieb aber an einem N\u00fcrnberger h\u00e4ngen, sammelte den Puck wieder ein und legte ihn Ice Tigers-Goalie Evan Fitzpatrick zur Berliner F\u00fchrung durch die Beine. Es folgte eine kleine N\u00fcrnberger Drangphase, an dessen Ende Julius Karrer den v\u00f6llig freien Evan Barratt bediente, der zum Ausgleich traf. Nur eine knappe Minute sp\u00e4ter setze Jean-Sebastien Dea den Puck aus dem Slot zum 2:1 unter die Latte &#8211; erst der zweite Saisontreffer des nachverpflichteten Eisb\u00e4ren-St\u00fcrmers. Erneut nur nur wenige Minuten sp\u00e4ter versenkte Yannick Veilleux seinen eigenen Rebound im Powerplay zur 3:1-F\u00fchrung. Die Eisb\u00e4ren leisteten sich in diesem Drittel allerdings eindeutig zu viele Strafzeiten. Eine davon nutzte Cole Maier schlie\u00dflich zum umstrittenen Anschlusstreffer. Jonas Stettmer hatte die Scheibe bereits unter sich begraben, ehe die Ice Tigers nachstocherten und der Puck bei Maier landete.<\/p>\n\n\n\n<p>Im letzten Drittel war erneut einiges an Dramatik geboten. Moritz Kretzschmar brachte den Puck stark durch die neutrale Zone, gab sie an Eric H\u00f6rdler, der mit einem leicht abgef\u00e4lschten Schuss auf 4:2 erh\u00f6hen konnte. Es folgte eine 4-4-Situation, in der die Ice Tigers Verteidiger Julius Karrer auf die Reise schickten, der seinen Alleingang mit dem 3:4 abschlie\u00dfen konnten. Just als die N\u00fcrnberger die den Torwart vom Eis nahmen, gewann Ty Ronning an der Bande einen Zweikampf mit Greg Meireles, spielte den Puck auf Liam Kirk, der aus der eigenen Zone ins verwaiste N\u00fcrnberger Tor traf. Die Ice Tigers konnte kurz vor Ende durch einen Unterzahl-Konter von Thomas Heigl noch verk\u00fcrzen, als der Puck Jonas Stettmer durch die Schoner rutschte, aber die drei wichtigen Punkte blieben auf Seiten der Berliner.<\/p>\n\n\n\n<p>Am Sonntag werden die Eisb\u00e4ren, die durch die 2:3-Niederlage von Bremerhaven gegen Ingolstadt nun auf Platz sechs stehen, beim \u00fcberlegenen Tabellenf\u00fchrer in K\u00f6ln zu Gast sein. Der diesj\u00e4hrige Sonderzug wird den Rekordmeister in die Domstadt begleiten. Wir d\u00fcrfen gespannt sein, ob der EHC dort f\u00fcr eine \u00dcberraschung sorgen kann.<\/p>\n","protected":false},"excerpt":{"rendered":"<p>Die Eisb\u00e4ren gewannen in N\u00fcrnberg ein umk\u00e4mpftes Spiel mit 5:4 und eroberten damit zumindest vor\u00fcbergehend den hei\u00df begehrten sechsten Platz.<\/p>\n","protected":false},"author":4,"featured_media":2186,"comment_status":"open","ping_status":"open","sticky":false,"template":"","format":"standard","meta":{"colormag_page_layout":"default_layout","footnotes":""},"categories":[5],"tags":[14,36],"class_list":["post-2185","post","type-post","status-publish","format-standard","has-post-thumbnail","hentry","category-spielberichte","tag-eisbaeren-berlin","tag-nuernberg-ice-tigers"],"yoast_head":"<!-- This site is optimized with the Yoast SEO plugin v25.9 - https:\/\/yoast.com\/wordpress\/plugins\/seo\/ -->\n<title>Sieg in N\u00fcrnberg bringt Platz sechs - Puckgefl\u00fcster - Berlins Eishockey Blog<\/title>\n<meta name=\"robots\" content=\"index, follow, max-snippet:-1, max-image-preview:large, max-video-preview:-1\" \/>\n<link rel=\"canonical\" href=\"https:\/\/eishockey-berlin.de\/eishockey\/2026\/03\/07\/sieg-in-nuernberg-bringt-platz-sechs\/\" \/>\n<meta property=\"og:locale\" content=\"de_DE\" \/>\n<meta property=\"og:type\" content=\"article\" \/>\n<meta property=\"og:title\" content=\"Sieg in N\u00fcrnberg bringt Platz sechs - Puckgefl\u00fcster - Berlins Eishockey Blog\" \/>\n<meta property=\"og:description\" content=\"Die Eisb\u00e4ren gewannen in N\u00fcrnberg ein umk\u00e4mpftes Spiel mit 5:4 und eroberten damit zumindest vor\u00fcbergehend den hei\u00df begehrten sechsten Platz.\" \/>\n<meta property=\"og:url\" content=\"https:\/\/eishockey-berlin.de\/eishockey\/2026\/03\/07\/sieg-in-nuernberg-bringt-platz-sechs\/\" \/>\n<meta property=\"og:site_name\" content=\"Puckgefl\u00fcster - Berlins Eishockey Blog\" \/>\n<meta property=\"article:publisher\" content=\"https:\/\/www.facebook.com\/profile.php?id=100069843317955\" \/>\n<meta property=\"article:published_time\" content=\"2026-03-07T07:38:11+00:00\" \/>\n<meta property=\"article:modified_time\" content=\"2026-03-07T07:38:13+00:00\" \/>\n<meta property=\"og:image\" content=\"https:\/\/eishockey-berlin.de\/wp-content\/uploads\/2026\/03\/Kretzschmar.jpg\" \/>\n\t<meta property=\"og:image:width\" content=\"640\" \/>\n\t<meta property=\"og:image:height\" content=\"960\" \/>\n\t<meta property=\"og:image:type\" content=\"image\/jpeg\" \/>\n<meta name=\"author\" content=\"Felix Markau\" \/>\n<meta name=\"twitter:card\" content=\"summary_large_image\" \/>\n<meta name=\"twitter:creator\" content=\"@puckgefluester\" \/>\n<meta name=\"twitter:site\" content=\"@puckgefluester\" \/>\n<meta name=\"twitter:label1\" content=\"Verfasst von\" \/>\n\t<meta name=\"twitter:data1\" content=\"Felix Markau\" \/>\n\t<meta name=\"twitter:label2\" content=\"Gesch\u00e4tzte Lesezeit\" \/>\n\t<meta name=\"twitter:data2\" content=\"3\u00a0Minuten\" \/>\n<script type=\"application\/ld+json\" class=\"yoast-schema-graph\">{\"@context\":\"https:\/\/schema.org\",\"@graph\":[{\"@type\":\"Article\",\"@id\":\"https:\/\/eishockey-berlin.de\/eishockey\/2026\/03\/07\/sieg-in-nuernberg-bringt-platz-sechs\/#article\",\"isPartOf\":{\"@id\":\"https:\/\/eishockey-berlin.de\/eishockey\/2026\/03\/07\/sieg-in-nuernberg-bringt-platz-sechs\/\"},\"author\":{\"name\":\"Felix Markau\",\"@id\":\"https:\/\/eishockey-berlin.de\/eishockey\/#\/schema\/person\/0dbbd30bc31ffd0e360397dfdf586f40\"},\"headline\":\"Sieg in N\u00fcrnberg bringt Platz sechs\",\"datePublished\":\"2026-03-07T07:38:11+00:00\",\"dateModified\":\"2026-03-07T07:38:13+00:00\",\"mainEntityOfPage\":{\"@id\":\"https:\/\/eishockey-berlin.de\/eishockey\/2026\/03\/07\/sieg-in-nuernberg-bringt-platz-sechs\/\"},\"wordCount\":500,\"commentCount\":0,\"publisher\":{\"@id\":\"https:\/\/eishockey-berlin.de\/eishockey\/#organization\"},\"image\":{\"@id\":\"https:\/\/eishockey-berlin.de\/eishockey\/2026\/03\/07\/sieg-in-nuernberg-bringt-platz-sechs\/#primaryimage\"},\"thumbnailUrl\":\"https:\/\/eishockey-berlin.de\/wp-content\/uploads\/2026\/03\/Kretzschmar.jpg\",\"keywords\":[\"Eisb\u00e4ren Berlin\",\"N\u00fcrnberg Ice Tigers\"],\"articleSection\":[\"Spielberichte\"],\"inLanguage\":\"de\",\"potentialAction\":[{\"@type\":\"CommentAction\",\"name\":\"Comment\",\"target\":[\"https:\/\/eishockey-berlin.de\/eishockey\/2026\/03\/07\/sieg-in-nuernberg-bringt-platz-sechs\/#respond\"]}]},{\"@type\":\"WebPage\",\"@id\":\"https:\/\/eishockey-berlin.de\/eishockey\/2026\/03\/07\/sieg-in-nuernberg-bringt-platz-sechs\/\",\"url\":\"https:\/\/eishockey-berlin.de\/eishockey\/2026\/03\/07\/sieg-in-nuernberg-bringt-platz-sechs\/\",\"name\":\"Sieg in N\u00fcrnberg bringt Platz sechs - Puckgefl\u00fcster - Berlins Eishockey Blog\",\"isPartOf\":{\"@id\":\"https:\/\/eishockey-berlin.de\/eishockey\/#website\"},\"primaryImageOfPage\":{\"@id\":\"https:\/\/eishockey-berlin.de\/eishockey\/2026\/03\/07\/sieg-in-nuernberg-bringt-platz-sechs\/#primaryimage\"},\"image\":{\"@id\":\"https:\/\/eishockey-berlin.de\/eishockey\/2026\/03\/07\/sieg-in-nuernberg-bringt-platz-sechs\/#primaryimage\"},\"thumbnailUrl\":\"https:\/\/eishockey-berlin.de\/wp-content\/uploads\/2026\/03\/Kretzschmar.jpg\",\"datePublished\":\"2026-03-07T07:38:11+00:00\",\"dateModified\":\"2026-03-07T07:38:13+00:00\",\"breadcrumb\":{\"@id\":\"https:\/\/eishockey-berlin.de\/eishockey\/2026\/03\/07\/sieg-in-nuernberg-bringt-platz-sechs\/#breadcrumb\"},\"inLanguage\":\"de\",\"potentialAction\":[{\"@type\":\"ReadAction\",\"target\":[\"https:\/\/eishockey-berlin.de\/eishockey\/2026\/03\/07\/sieg-in-nuernberg-bringt-platz-sechs\/\"]}]},{\"@type\":\"ImageObject\",\"inLanguage\":\"de\",\"@id\":\"https:\/\/eishockey-berlin.de\/eishockey\/2026\/03\/07\/sieg-in-nuernberg-bringt-platz-sechs\/#primaryimage\",\"url\":\"https:\/\/eishockey-berlin.de\/wp-content\/uploads\/2026\/03\/Kretzschmar.jpg\",\"contentUrl\":\"https:\/\/eishockey-berlin.de\/wp-content\/uploads\/2026\/03\/Kretzschmar.jpg\",\"width\":640,\"height\":960,\"caption\":\"Moritz Kretzschmar von den Eisb\u008aren Berlin w\u008ahrend der Trainings von den Eisb\u008aren Berlin am 11.08.2025 in Berlin, Deutschland. (Foto von Mathias Renner \/ City-Press GmbH Bildagentur)\"},{\"@type\":\"BreadcrumbList\",\"@id\":\"https:\/\/eishockey-berlin.de\/eishockey\/2026\/03\/07\/sieg-in-nuernberg-bringt-platz-sechs\/#breadcrumb\",\"itemListElement\":[{\"@type\":\"ListItem\",\"position\":1,\"name\":\"Startseite\",\"item\":\"https:\/\/eishockey-berlin.de\/eishockey\/\"},{\"@type\":\"ListItem\",\"position\":2,\"name\":\"Sieg in N\u00fcrnberg bringt Platz sechs\"}]},{\"@type\":\"WebSite\",\"@id\":\"https:\/\/eishockey-berlin.de\/eishockey\/#website\",\"url\":\"https:\/\/eishockey-berlin.de\/eishockey\/\",\"name\":\"Puckgefl\u00fcster - Berlins Eishockey Blog\",\"description\":\"\",\"publisher\":{\"@id\":\"https:\/\/eishockey-berlin.de\/eishockey\/#organization\"},\"potentialAction\":[{\"@type\":\"SearchAction\",\"target\":{\"@type\":\"EntryPoint\",\"urlTemplate\":\"https:\/\/eishockey-berlin.de\/eishockey\/?s={search_term_string}\"},\"query-input\":{\"@type\":\"PropertyValueSpecification\",\"valueRequired\":true,\"valueName\":\"search_term_string\"}}],\"inLanguage\":\"de\"},{\"@type\":\"Organization\",\"@id\":\"https:\/\/eishockey-berlin.de\/eishockey\/#organization\",\"name\":\"Puckgefl\u00fcster\",\"url\":\"https:\/\/eishockey-berlin.de\/eishockey\/\",\"logo\":{\"@type\":\"ImageObject\",\"inLanguage\":\"de\",\"@id\":\"https:\/\/eishockey-berlin.de\/eishockey\/#\/schema\/logo\/image\/\",\"url\":\"https:\/\/eishockey-berlin.de\/wp-content\/uploads\/2024\/11\/cropped-cropped-cropped-cropped-Puckgefluester-Logo-Kopf-1.png\",\"contentUrl\":\"https:\/\/eishockey-berlin.de\/wp-content\/uploads\/2024\/11\/cropped-cropped-cropped-cropped-Puckgefluester-Logo-Kopf-1.png\",\"width\":512,\"height\":512,\"caption\":\"Puckgefl\u00fcster\"},\"image\":{\"@id\":\"https:\/\/eishockey-berlin.de\/eishockey\/#\/schema\/logo\/image\/\"},\"sameAs\":[\"https:\/\/www.facebook.com\/profile.php?id=100069843317955\",\"https:\/\/x.com\/puckgefluester\",\"https:\/\/www.instagram.com\/puckgefluester\"]},{\"@type\":\"Person\",\"@id\":\"https:\/\/eishockey-berlin.de\/eishockey\/#\/schema\/person\/0dbbd30bc31ffd0e360397dfdf586f40\",\"name\":\"Felix Markau\",\"image\":{\"@type\":\"ImageObject\",\"inLanguage\":\"de\",\"@id\":\"https:\/\/eishockey-berlin.de\/eishockey\/#\/schema\/person\/image\/\",\"url\":\"https:\/\/secure.gravatar.com\/avatar\/b652acc30a68c28f0600da91ef3a308835954e99b9674d3ab5fcd4e72931ef6f?s=96&d=mm&r=g\",\"contentUrl\":\"https:\/\/secure.gravatar.com\/avatar\/b652acc30a68c28f0600da91ef3a308835954e99b9674d3ab5fcd4e72931ef6f?s=96&d=mm&r=g\",\"caption\":\"Felix Markau\"},\"sameAs\":[\"https:\/\/eishockey-berlin.de\"],\"url\":\"https:\/\/eishockey-berlin.de\/eishockey\/author\/felix\/\"}]}<\/script>\n<!-- \/ Yoast SEO plugin. -->","yoast_head_json":{"title":"Sieg in N\u00fcrnberg bringt Platz sechs - Puckgefl\u00fcster - Berlins Eishockey Blog","robots":{"index":"index","follow":"follow","max-snippet":"max-snippet:-1","max-image-preview":"max-image-preview:large","max-video-preview":"max-video-preview:-1"},"canonical":"https:\/\/eishockey-berlin.de\/eishockey\/2026\/03\/07\/sieg-in-nuernberg-bringt-platz-sechs\/","og_locale":"de_DE","og_type":"article","og_title":"Sieg in N\u00fcrnberg bringt Platz sechs - Puckgefl\u00fcster - Berlins Eishockey Blog","og_description":"Die Eisb\u00e4ren gewannen in N\u00fcrnberg ein umk\u00e4mpftes Spiel mit 5:4 und eroberten damit zumindest vor\u00fcbergehend den hei\u00df begehrten sechsten Platz.","og_url":"https:\/\/eishockey-berlin.de\/eishockey\/2026\/03\/07\/sieg-in-nuernberg-bringt-platz-sechs\/","og_site_name":"Puckgefl\u00fcster - Berlins Eishockey Blog","article_publisher":"https:\/\/www.facebook.com\/profile.php?id=100069843317955","article_published_time":"2026-03-07T07:38:11+00:00","article_modified_time":"2026-03-07T07:38:13+00:00","og_image":[{"width":640,"height":960,"url":"https:\/\/eishockey-berlin.de\/wp-content\/uploads\/2026\/03\/Kretzschmar.jpg","type":"image\/jpeg"}],"author":"Felix Markau","twitter_card":"summary_large_image","twitter_creator":"@puckgefluester","twitter_site":"@puckgefluester","twitter_misc":{"Verfasst von":"Felix Markau","Gesch\u00e4tzte Lesezeit":"3\u00a0Minuten"},"schema":{"@context":"https:\/\/schema.org","@graph":[{"@type":"Article","@id":"https:\/\/eishockey-berlin.de\/eishockey\/2026\/03\/07\/sieg-in-nuernberg-bringt-platz-sechs\/#article","isPartOf":{"@id":"https:\/\/eishockey-berlin.de\/eishockey\/2026\/03\/07\/sieg-in-nuernberg-bringt-platz-sechs\/"},"author":{"name":"Felix Markau","@id":"https:\/\/eishockey-berlin.de\/eishockey\/#\/schema\/person\/0dbbd30bc31ffd0e360397dfdf586f40"},"headline":"Sieg in N\u00fcrnberg bringt Platz sechs","datePublished":"2026-03-07T07:38:11+00:00","dateModified":"2026-03-07T07:38:13+00:00","mainEntityOfPage":{"@id":"https:\/\/eishockey-berlin.de\/eishockey\/2026\/03\/07\/sieg-in-nuernberg-bringt-platz-sechs\/"},"wordCount":500,"commentCount":0,"publisher":{"@id":"https:\/\/eishockey-berlin.de\/eishockey\/#organization"},"image":{"@id":"https:\/\/eishockey-berlin.de\/eishockey\/2026\/03\/07\/sieg-in-nuernberg-bringt-platz-sechs\/#primaryimage"},"thumbnailUrl":"https:\/\/eishockey-berlin.de\/wp-content\/uploads\/2026\/03\/Kretzschmar.jpg","keywords":["Eisb\u00e4ren Berlin","N\u00fcrnberg Ice Tigers"],"articleSection":["Spielberichte"],"inLanguage":"de","potentialAction":[{"@type":"CommentAction","name":"Comment","target":["https:\/\/eishockey-berlin.de\/eishockey\/2026\/03\/07\/sieg-in-nuernberg-bringt-platz-sechs\/#respond"]}]},{"@type":"WebPage","@id":"https:\/\/eishockey-berlin.de\/eishockey\/2026\/03\/07\/sieg-in-nuernberg-bringt-platz-sechs\/","url":"https:\/\/eishockey-berlin.de\/eishockey\/2026\/03\/07\/sieg-in-nuernberg-bringt-platz-sechs\/","name":"Sieg in N\u00fcrnberg bringt Platz sechs - Puckgefl\u00fcster - Berlins Eishockey Blog","isPartOf":{"@id":"https:\/\/eishockey-berlin.de\/eishockey\/#website"},"primaryImageOfPage":{"@id":"https:\/\/eishockey-berlin.de\/eishockey\/2026\/03\/07\/sieg-in-nuernberg-bringt-platz-sechs\/#primaryimage"},"image":{"@id":"https:\/\/eishockey-berlin.de\/eishockey\/2026\/03\/07\/sieg-in-nuernberg-bringt-platz-sechs\/#primaryimage"},"thumbnailUrl":"https:\/\/eishockey-berlin.de\/wp-content\/uploads\/2026\/03\/Kretzschmar.jpg","datePublished":"2026-03-07T07:38:11+00:00","dateModified":"2026-03-07T07:38:13+00:00","breadcrumb":{"@id":"https:\/\/eishockey-berlin.de\/eishockey\/2026\/03\/07\/sieg-in-nuernberg-bringt-platz-sechs\/#breadcrumb"},"inLanguage":"de","potentialAction":[{"@type":"ReadAction","target":["https:\/\/eishockey-berlin.de\/eishockey\/2026\/03\/07\/sieg-in-nuernberg-bringt-platz-sechs\/"]}]},{"@type":"ImageObject","inLanguage":"de","@id":"https:\/\/eishockey-berlin.de\/eishockey\/2026\/03\/07\/sieg-in-nuernberg-bringt-platz-sechs\/#primaryimage","url":"https:\/\/eishockey-berlin.de\/wp-content\/uploads\/2026\/03\/Kretzschmar.jpg","contentUrl":"https:\/\/eishockey-berlin.de\/wp-content\/uploads\/2026\/03\/Kretzschmar.jpg","width":640,"height":960,"caption":"Moritz Kretzschmar von den Eisb\u008aren Berlin w\u008ahrend der Trainings von den Eisb\u008aren Berlin am 11.08.2025 in Berlin, Deutschland. (Foto von Mathias Renner \/ City-Press GmbH Bildagentur)"},{"@type":"BreadcrumbList","@id":"https:\/\/eishockey-berlin.de\/eishockey\/2026\/03\/07\/sieg-in-nuernberg-bringt-platz-sechs\/#breadcrumb","itemListElement":[{"@type":"ListItem","position":1,"name":"Startseite","item":"https:\/\/eishockey-berlin.de\/eishockey\/"},{"@type":"ListItem","position":2,"name":"Sieg in N\u00fcrnberg bringt Platz sechs"}]},{"@type":"WebSite","@id":"https:\/\/eishockey-berlin.de\/eishockey\/#website","url":"https:\/\/eishockey-berlin.de\/eishockey\/","name":"Puckgefl\u00fcster - Berlins Eishockey Blog","description":"","publisher":{"@id":"https:\/\/eishockey-berlin.de\/eishockey\/#organization"},"potentialAction":[{"@type":"SearchAction","target":{"@type":"EntryPoint","urlTemplate":"https:\/\/eishockey-berlin.de\/eishockey\/?s={search_term_string}"},"query-input":{"@type":"PropertyValueSpecification","valueRequired":true,"valueName":"search_term_string"}}],"inLanguage":"de"},{"@type":"Organization","@id":"https:\/\/eishockey-berlin.de\/eishockey\/#organization","name":"Puckgefl\u00fcster","url":"https:\/\/eishockey-berlin.de\/eishockey\/","logo":{"@type":"ImageObject","inLanguage":"de","@id":"https:\/\/eishockey-berlin.de\/eishockey\/#\/schema\/logo\/image\/","url":"https:\/\/eishockey-berlin.de\/wp-content\/uploads\/2024\/11\/cropped-cropped-cropped-cropped-Puckgefluester-Logo-Kopf-1.png","contentUrl":"https:\/\/eishockey-berlin.de\/wp-content\/uploads\/2024\/11\/cropped-cropped-cropped-cropped-Puckgefluester-Logo-Kopf-1.png","width":512,"height":512,"caption":"Puckgefl\u00fcster"},"image":{"@id":"https:\/\/eishockey-berlin.de\/eishockey\/#\/schema\/logo\/image\/"},"sameAs":["https:\/\/www.facebook.com\/profile.php?id=100069843317955","https:\/\/x.com\/puckgefluester","https:\/\/www.instagram.com\/puckgefluester"]},{"@type":"Person","@id":"https:\/\/eishockey-berlin.de\/eishockey\/#\/schema\/person\/0dbbd30bc31ffd0e360397dfdf586f40","name":"Felix Markau","image":{"@type":"ImageObject","inLanguage":"de","@id":"https:\/\/eishockey-berlin.de\/eishockey\/#\/schema\/person\/image\/","url":"https:\/\/secure.gravatar.com\/avatar\/b652acc30a68c28f0600da91ef3a308835954e99b9674d3ab5fcd4e72931ef6f?s=96&d=mm&r=g","contentUrl":"https:\/\/secure.gravatar.com\/avatar\/b652acc30a68c28f0600da91ef3a308835954e99b9674d3ab5fcd4e72931ef6f?s=96&d=mm&r=g","caption":"Felix Markau"},"sameAs":["https:\/\/eishockey-berlin.de"],"url":"https:\/\/eishockey-berlin.de\/eishockey\/author\/felix\/"}]}},"_links":{"self":[{"href":"https:\/\/eishockey-berlin.de\/eishockey\/wp-json\/wp\/v2\/posts\/2185","targetHints":{"allow":["GET"]}}],"collection":[{"href":"https:\/\/eishockey-berlin.de\/eishockey\/wp-json\/wp\/v2\/posts"}],"about":[{"href":"https:\/\/eishockey-berlin.de\/eishockey\/wp-json\/wp\/v2\/types\/post"}],"author":[{"embeddable":true,"href":"https:\/\/eishockey-berlin.de\/eishockey\/wp-json\/wp\/v2\/users\/4"}],"replies":[{"embeddable":true,"href":"https:\/\/eishockey-berlin.de\/eishockey\/wp-json\/wp\/v2\/comments?post=2185"}],"version-history":[{"count":2,"href":"https:\/\/eishockey-berlin.de\/eishockey\/wp-json\/wp\/v2\/posts\/2185\/revisions"}],"predecessor-version":[{"id":2188,"href":"https:\/\/eishockey-berlin.de\/eishockey\/wp-json\/wp\/v2\/posts\/2185\/revisions\/2188"}],"wp:featuredmedia":[{"embeddable":true,"href":"https:\/\/eishockey-berlin.de\/eishockey\/wp-json\/wp\/v2\/media\/2186"}],"wp:attachment":[{"href":"https:\/\/eishockey-berlin.de\/eishockey\/wp-json\/wp\/v2\/media?parent=2185"}],"wp:term":[{"taxonomy":"category","embeddable":true,"href":"https:\/\/eishockey-berlin.de\/eishockey\/wp-json\/wp\/v2\/categories?post=2185"},{"taxonomy":"post_tag","embeddable":true,"href":"https:\/\/eishockey-berlin.de\/eishockey\/wp-json\/wp\/v2\/tags?post=2185"}],"curies":[{"name":"wp","href":"https:\/\/api.w.org\/{rel}","templated":true}]}}