{"id":2172,"date":"2026-03-02T20:09:05","date_gmt":"2026-03-02T19:09:05","guid":{"rendered":"https:\/\/eishockey-berlin.de\/eishockey\/?p=2172"},"modified":"2026-03-03T18:21:13","modified_gmt":"2026-03-03T17:21:13","slug":"die-eisbaeren-auf-reisen-2","status":"publish","type":"post","link":"https:\/\/eishockey-berlin.de\/eishockey\/2026\/03\/02\/die-eisbaeren-auf-reisen-2\/","title":{"rendered":"Die Eisb\u00e4ren auf Reisen"},"content":{"rendered":"\n<p><strong>Die aktuelle Lage bei den Eisb\u00e4ren<\/strong><\/p>\n\n\n\n<p>Der Rekordmeister dreht sich weiterhin im Kreis und kommt auch in der finalen Phase der Hauptrunde nicht voran. Vom Heimspiel-Dreierpack konnte nur ein Spiel (5:2 gegen Iserlohn) gewonnen werden. Gegen Straubing (2:3) und im wichtigen Spiel gegen Bremerhaven (1:3) gingen die Berliner ohne Punkte vom Eis. Spielerisch war in diesen Spielen durchaus ein Fortschritt zu erkennen. Aber gerade im Slot-Bereich vor dem Tor konnten die Eisb\u00e4ren-St\u00fcrmer sich kaum durchsetzen oder scheiterten immer wieder am \u00fcberragenden Pinguins-Goalie Kristers Gudlevskis. Auch Top-St\u00fcrmer <strong>Ty Ronning <\/strong>erwischte kein gutes Wochenende, vergab reihenweise gute M\u00f6glichkeiten und leitete mit einem verungl\u00fcckten Schussversuch auch noch das vorentscheidende 0:2 gegen Bremerhaven ein. <strong>Serge Aubin <\/strong>sprach in der PK am Sonntag von einem mentalen Problem der Spieler. Auch <strong>Freddy Tiffels <\/strong>brachte fehlendes Selbstvertrauen nach den vielen Negativerlebnissen in dieser Saison als Ursache f\u00fcr die schwankenden Leistungen ins Spiel.<\/p>\n\n\n\n<p>Auch das Lazarett hat am Sonntag erneut Zuwachs erhalten. <strong>Mitch<\/strong> <strong>Reinke <\/strong>(Oberk\u00f6rper)<strong> <\/strong>und <strong>Lean Bergmann <\/strong>(Unterk\u00f6rper<strong>) <\/strong>konnten das Spiel verletzungsbedingt nicht beenden.  Wie die Eisb\u00e4ren heute mitteilten, fallen beide auf unbestimmte Zeit aus. Gut m\u00f6glich also, dass <strong>Adam Smith <\/strong>und <strong>Jean-Sebastien Dea<\/strong>, den man auf Grund seiner bescheidenen Leistungen leider als Fehleinkauf bezeichnen muss, k\u00f6nnten im n\u00e4chsten Spiel in Dresden eventuell wieder in den Kader zur\u00fcckkehren. Der R\u00fcckstand auf Bremerhaven betr\u00e4gt nun vier Punkte. Angesichts des schweren Restprogramms der Eisb\u00e4ren sind die Chancen auf eine direkte Playoff-Qualifikation weiter gesunken. Gerade in den Spielen in Dresden und N\u00fcrnberg sind sechs Punkte absolute Pflicht, um die Hoffnung auf Platz sechs am Leben zu halten.<\/p>\n\n\n\n<p>Auch die Ger\u00fcchtek\u00fcche kocht weiterhin alles andere als auf Sparflamme: Laut einem Bericht der BILD-Zeitung k\u00f6nnte der Vertrag von Stammkeeper <strong>Jake Hildebrand <\/strong>nach drei Jahren im Eisb\u00e4ren-Trikot etwas \u00fcberraschend nicht verl\u00e4ngert werden. Als m\u00f6glichen Neuzugang bringt die Zeitung mit weniger als f\u00fcnf Buchstaben Straubings St\u00fcrmer <strong>Danjo Leonhardt <\/strong>(23) ins Spiel. Leonhardt spielte bereits im Nachwuchs der Eisb\u00e4ren und k\u00f6nnte mit seiner Laufst\u00e4rke und Technik das Angriffsspiel der Berliner durchaus beleben.<\/p>\n\n\n\n<p>Zudem haben die Eisb\u00e4ren heute bekanntgegeben, dass der Betrag mit St\u00fcrmer <strong>Matej<\/strong> <strong>Leden<\/strong> aus disziplinarischen Gr\u00fcnden aufgel\u00f6st wurde. Leden schlie\u00dft sich den Eisb\u00e4ren Regensburg an.<\/p>\n\n\n\n<figure class=\"wp-block-image size-full\"><img loading=\"lazy\" decoding=\"async\" width=\"1600\" height=\"969\" src=\"https:\/\/eishockey-berlin.de\/wp-content\/uploads\/2026\/03\/Busch.jpg\" alt=\"\" class=\"wp-image-2174\" srcset=\"https:\/\/eishockey-berlin.de\/wp-content\/uploads\/2026\/03\/Busch.jpg 1600w, https:\/\/eishockey-berlin.de\/wp-content\/uploads\/2026\/03\/Busch-768x465.jpg 768w, https:\/\/eishockey-berlin.de\/wp-content\/uploads\/2026\/03\/Busch-1536x930.jpg 1536w\" sizes=\"auto, (max-width: 1600px) 100vw, 1600px\" \/><figcaption class=\"wp-element-caption\">Die Fans der Eisb\u00e4ren zeigten anl\u00e4sslich der Bannerzeremonie f\u00fcr Florian Busch eine beeindruckende Choreo. (Foto von Marco Leipold \/ City-Press GmbH Bildagentur)<\/figcaption><\/figure>\n\n\n\n<p><strong>Der Gegner am Mittwoch: Dresdner Eisl\u00f6wen<\/strong><\/p>\n\n\n\n<p>Die Kufencracks aus Elbflorenz stehen f\u00fcnf Spiele vor Ende der Hauptrunde bereits als sportlicher Absteiger fest. Obwohl einige Spieler (Yogan, Turnbull, Suess, Hammond) die Eisl\u00f6wen bereits verlassen haben, wird weiter um jeden DEL-Punkt gek\u00e4mpft. So sprang nach zehn Niederlagen in Folge am Sonntag in Schwenningen ein \u00fcberraschender 5:2-Ausw\u00e4rtssieg heraus. Die Eisb\u00e4ren sollten also gewarnt, aber sich der Wichtigkeit dieses Spiels auch bewusst sein. Daher tippen wir auf einen 5:3-Ausw\u00e4rtssieg in der s\u00e4chsischen Landeshauptstadt (Spielbeginn: 19:30 Uhr).<\/p>\n\n\n\n<figure class=\"wp-block-image size-full\"><img loading=\"lazy\" decoding=\"async\" width=\"1600\" height=\"1067\" src=\"https:\/\/eishockey-berlin.de\/wp-content\/uploads\/2026\/03\/Ortega2.jpg\" alt=\"\" class=\"wp-image-2175\" srcset=\"https:\/\/eishockey-berlin.de\/wp-content\/uploads\/2026\/03\/Ortega2.jpg 1600w, https:\/\/eishockey-berlin.de\/wp-content\/uploads\/2026\/03\/Ortega2-768x512.jpg 768w, https:\/\/eishockey-berlin.de\/wp-content\/uploads\/2026\/03\/Ortega2-1536x1024.jpg 1536w\" sizes=\"auto, (max-width: 1600px) 100vw, 1600px\" \/><figcaption class=\"wp-element-caption\">Austin Ortega ist mit 34 Punkten (19 Tore, 15 Vorlagen) aus 47 Spielen weiterhin der Topscorer der Dresdner Eisl\u00f6wen, steht aber inzwischen bei unglaublichen -41. (Foto von Moritz Eden \/ City-Press GmbH Bildagentur)<\/figcaption><\/figure>\n\n\n\n<p><strong>Der Gegner am Freitag: N\u00fcrnberg Ice Tigers<\/strong><\/p>\n\n\n\n<p>Die Eistiger von der Noris stehen wie die Eisb\u00e4ren weiterhin in den PPO-R\u00e4ngen. Mit 62 Punkten stehen die Ice Tigers derzeit auf Platz zehn und kamen zuletzt eher schlecht als recht aus der Olympia-Pause. In den letzten f\u00fcnf Spielen gab es vier Niederlagen. Zuletzt kamen mit Marcus Weber, Josef Eham und Cody Haiskanen auch neue verletzungsbedingte Ausf\u00e4lle dazu. Trotz allem ist der N\u00fcrnberger Offensivwirbel um DEL-Topscorer <strong>Evan Barratt <\/strong>nicht zu untersch\u00e4tzen. Wir tippen auf einen knappen 3:2-Ausw\u00e4rtssieg der Eisb\u00e4ren bei den Ice Tigers (Spielbeginn: 19:30 Uhr)<\/p>\n\n\n\n<figure class=\"wp-block-image size-full\"><img loading=\"lazy\" decoding=\"async\" width=\"1600\" height=\"1066\" src=\"https:\/\/eishockey-berlin.de\/wp-content\/uploads\/2026\/03\/Barratt2.jpg\" alt=\"\" class=\"wp-image-2176\" srcset=\"https:\/\/eishockey-berlin.de\/wp-content\/uploads\/2026\/03\/Barratt2.jpg 1600w, https:\/\/eishockey-berlin.de\/wp-content\/uploads\/2026\/03\/Barratt2-768x512.jpg 768w, https:\/\/eishockey-berlin.de\/wp-content\/uploads\/2026\/03\/Barratt2-1536x1023.jpg 1536w\" sizes=\"auto, (max-width: 1600px) 100vw, 1600px\" \/><figcaption class=\"wp-element-caption\">Evan Barratt ist mit 60 Punkten (14 Tore, 46 Vorlagen) aus 46 Spielen nicht nur der Topscorer der N\u00fcrnberg Ice Tigers, sondern der gesamten DEL. (Foto von Marco Leipold \/ City-Press GmbH Bildagentur)<\/figcaption><\/figure>\n\n\n\n<p><strong>Der Gegner am Sonntag: K\u00f6lner Haie<\/strong><\/p>\n\n\n\n<p>Die Haie sind weiterhin das Nonplusultra der DEL. In den letzten 20 Spielen gelangen K\u00f6ln unfassbare 19 Siege. In Zeiten einer sehr ausgeglichenen Liga kann man die Leistungen der Domst\u00e4dter gar nicht genug loben. In dieser Saison passt im Team von Kari Jalonen einfach alles. Angefangen beim \u00fcberragenden Torh\u00fcter <strong>Janne Juvonen<\/strong>, der den Haien Ger\u00fcchten zufolge auch in der Zukunft erhalten bleiben wird, \u00fcber die spielstarke Abwehr um <strong>Oliwer Kaski <\/strong>(33 Punkte) und <strong>Valtteri Kemil\u00e4inen <\/strong>(38 Punkte) bis hin zu einem Sturm, der in allen vier Reihen gro\u00dfe Torgefahr ausstrahlt, aber auch \u00fcber Top-St\u00fcrmer wie <strong>Patrick Russell <\/strong>(58 Punkte), <strong>Gregor MacLeod <\/strong>(53 Punkte) oder <strong>Nate Schnarr <\/strong>(38 Punkte) verf\u00fcgt. Die Haie strotzen regelrecht vor Selbstvertrauen und stehen bereits f\u00fcnf Spiele vor Ende der Hauptrunde als Tabellenerster fest. Alles andere als der erste Meistertitel seit 2002 w\u00e4re nach diesen starken Leistungen eine gro\u00dfe Entt\u00e4uschung. Die Eisb\u00e4ren fahren als klarer Au\u00dfenseiter nach K\u00f6ln, begleitet von einem <strong>Sonderzug <\/strong>mit hunderten von EHC-Fans, die auf einen \u00dcberraschungssieg beim KEC hoffen werden. Unserer Meinung nach bleibt dieser allerdings aus. Wir tippen auf einen 4:1-Heimsieg der Haie (Spielbeginn: 14:00 Uhr)<\/p>\n\n\n\n<figure class=\"wp-block-image size-full\"><img loading=\"lazy\" decoding=\"async\" width=\"1600\" height=\"1067\" src=\"https:\/\/eishockey-berlin.de\/wp-content\/uploads\/2026\/03\/Russell.jpg\" alt=\"\" class=\"wp-image-2177\" srcset=\"https:\/\/eishockey-berlin.de\/wp-content\/uploads\/2026\/03\/Russell.jpg 1600w, https:\/\/eishockey-berlin.de\/wp-content\/uploads\/2026\/03\/Russell-768x512.jpg 768w, https:\/\/eishockey-berlin.de\/wp-content\/uploads\/2026\/03\/Russell-1536x1024.jpg 1536w\" sizes=\"auto, (max-width: 1600px) 100vw, 1600px\" \/><figcaption class=\"wp-element-caption\">Patrick Russell ist mit 58 Punkten (27 Tore, 31 Vorlagen) aus 47 Spielen der Topscorer der K\u00f6lner Haie. (Foto von City-Press GmbH Bildagentur)<\/figcaption><\/figure>\n","protected":false},"excerpt":{"rendered":"<p>Die aktuelle Lage bei den Eisb\u00e4ren Der Rekordmeister dreht sich weiterhin im Kreis und kommt auch in der finalen Phase<\/p>\n","protected":false},"author":4,"featured_media":2173,"comment_status":"open","ping_status":"open","sticky":false,"template":"","format":"standard","meta":{"colormag_page_layout":"default_layout","footnotes":""},"categories":[6],"tags":[131,14,54,36],"class_list":["post-2172","post","type-post","status-publish","format-standard","has-post-thumbnail","hentry","category-vorberichte","tag-dresdner-eisloewen","tag-eisbaeren-berlin","tag-koelner-haie","tag-nuernberg-ice-tigers"],"yoast_head":"<!-- This site is optimized with the Yoast SEO plugin v25.9 - https:\/\/yoast.com\/wordpress\/plugins\/seo\/ -->\n<title>Die Eisb\u00e4ren auf Reisen - Puckgefl\u00fcster - Berlins Eishockey Blog<\/title>\n<meta name=\"robots\" content=\"index, follow, max-snippet:-1, max-image-preview:large, max-video-preview:-1\" \/>\n<link rel=\"canonical\" href=\"https:\/\/eishockey-berlin.de\/eishockey\/2026\/03\/02\/die-eisbaeren-auf-reisen-2\/\" \/>\n<meta property=\"og:locale\" content=\"de_DE\" \/>\n<meta property=\"og:type\" content=\"article\" \/>\n<meta property=\"og:title\" content=\"Die Eisb\u00e4ren auf Reisen - Puckgefl\u00fcster - Berlins Eishockey Blog\" \/>\n<meta property=\"og:description\" content=\"Die aktuelle Lage bei den Eisb\u00e4ren Der Rekordmeister dreht sich weiterhin im Kreis und kommt auch in der finalen Phase\" \/>\n<meta property=\"og:url\" content=\"https:\/\/eishockey-berlin.de\/eishockey\/2026\/03\/02\/die-eisbaeren-auf-reisen-2\/\" \/>\n<meta property=\"og:site_name\" content=\"Puckgefl\u00fcster - Berlins Eishockey Blog\" \/>\n<meta property=\"article:publisher\" content=\"https:\/\/www.facebook.com\/profile.php?id=100069843317955\" \/>\n<meta property=\"article:published_time\" content=\"2026-03-02T19:09:05+00:00\" \/>\n<meta property=\"article:modified_time\" content=\"2026-03-03T17:21:13+00:00\" \/>\n<meta property=\"og:image\" content=\"https:\/\/eishockey-berlin.de\/wp-content\/uploads\/2026\/03\/EBB.jpg\" \/>\n\t<meta property=\"og:image:width\" content=\"1600\" \/>\n\t<meta property=\"og:image:height\" content=\"1000\" \/>\n\t<meta property=\"og:image:type\" content=\"image\/jpeg\" \/>\n<meta name=\"author\" content=\"Felix Markau\" \/>\n<meta name=\"twitter:card\" content=\"summary_large_image\" \/>\n<meta name=\"twitter:creator\" content=\"@puckgefluester\" \/>\n<meta name=\"twitter:site\" content=\"@puckgefluester\" \/>\n<meta name=\"twitter:label1\" content=\"Verfasst von\" \/>\n\t<meta name=\"twitter:data1\" content=\"Felix Markau\" \/>\n\t<meta name=\"twitter:label2\" content=\"Gesch\u00e4tzte Lesezeit\" \/>\n\t<meta name=\"twitter:data2\" content=\"6\u00a0Minuten\" \/>\n<script type=\"application\/ld+json\" class=\"yoast-schema-graph\">{\"@context\":\"https:\/\/schema.org\",\"@graph\":[{\"@type\":\"Article\",\"@id\":\"https:\/\/eishockey-berlin.de\/eishockey\/2026\/03\/02\/die-eisbaeren-auf-reisen-2\/#article\",\"isPartOf\":{\"@id\":\"https:\/\/eishockey-berlin.de\/eishockey\/2026\/03\/02\/die-eisbaeren-auf-reisen-2\/\"},\"author\":{\"name\":\"Felix Markau\",\"@id\":\"https:\/\/eishockey-berlin.de\/eishockey\/#\/schema\/person\/0dbbd30bc31ffd0e360397dfdf586f40\"},\"headline\":\"Die Eisb\u00e4ren auf Reisen\",\"datePublished\":\"2026-03-02T19:09:05+00:00\",\"dateModified\":\"2026-03-03T17:21:13+00:00\",\"mainEntityOfPage\":{\"@id\":\"https:\/\/eishockey-berlin.de\/eishockey\/2026\/03\/02\/die-eisbaeren-auf-reisen-2\/\"},\"wordCount\":875,\"commentCount\":0,\"publisher\":{\"@id\":\"https:\/\/eishockey-berlin.de\/eishockey\/#organization\"},\"image\":{\"@id\":\"https:\/\/eishockey-berlin.de\/eishockey\/2026\/03\/02\/die-eisbaeren-auf-reisen-2\/#primaryimage\"},\"thumbnailUrl\":\"https:\/\/eishockey-berlin.de\/wp-content\/uploads\/2026\/03\/EBB.jpg\",\"keywords\":[\"Dresdner Eisl\u00f6wen\",\"Eisb\u00e4ren Berlin\",\"K\u00f6lner Haie\",\"N\u00fcrnberg Ice Tigers\"],\"articleSection\":[\"Vorberichte\"],\"inLanguage\":\"de\",\"potentialAction\":[{\"@type\":\"CommentAction\",\"name\":\"Comment\",\"target\":[\"https:\/\/eishockey-berlin.de\/eishockey\/2026\/03\/02\/die-eisbaeren-auf-reisen-2\/#respond\"]}]},{\"@type\":\"WebPage\",\"@id\":\"https:\/\/eishockey-berlin.de\/eishockey\/2026\/03\/02\/die-eisbaeren-auf-reisen-2\/\",\"url\":\"https:\/\/eishockey-berlin.de\/eishockey\/2026\/03\/02\/die-eisbaeren-auf-reisen-2\/\",\"name\":\"Die Eisb\u00e4ren auf Reisen - Puckgefl\u00fcster - Berlins Eishockey Blog\",\"isPartOf\":{\"@id\":\"https:\/\/eishockey-berlin.de\/eishockey\/#website\"},\"primaryImageOfPage\":{\"@id\":\"https:\/\/eishockey-berlin.de\/eishockey\/2026\/03\/02\/die-eisbaeren-auf-reisen-2\/#primaryimage\"},\"image\":{\"@id\":\"https:\/\/eishockey-berlin.de\/eishockey\/2026\/03\/02\/die-eisbaeren-auf-reisen-2\/#primaryimage\"},\"thumbnailUrl\":\"https:\/\/eishockey-berlin.de\/wp-content\/uploads\/2026\/03\/EBB.jpg\",\"datePublished\":\"2026-03-02T19:09:05+00:00\",\"dateModified\":\"2026-03-03T17:21:13+00:00\",\"breadcrumb\":{\"@id\":\"https:\/\/eishockey-berlin.de\/eishockey\/2026\/03\/02\/die-eisbaeren-auf-reisen-2\/#breadcrumb\"},\"inLanguage\":\"de\",\"potentialAction\":[{\"@type\":\"ReadAction\",\"target\":[\"https:\/\/eishockey-berlin.de\/eishockey\/2026\/03\/02\/die-eisbaeren-auf-reisen-2\/\"]}]},{\"@type\":\"ImageObject\",\"inLanguage\":\"de\",\"@id\":\"https:\/\/eishockey-berlin.de\/eishockey\/2026\/03\/02\/die-eisbaeren-auf-reisen-2\/#primaryimage\",\"url\":\"https:\/\/eishockey-berlin.de\/wp-content\/uploads\/2026\/03\/EBB.jpg\",\"contentUrl\":\"https:\/\/eishockey-berlin.de\/wp-content\/uploads\/2026\/03\/EBB.jpg\",\"width\":1600,\"height\":1000,\"caption\":\"Andreas Eder und Les Lancaster von den Eisb\u008aren Berlin niedergeschlagen w\u008ahrend des Spiels zwischen den Eisb\u008aren Berlin und Fischtown Pinguins Bremerhaven am 01.03.2026 in Berlin, Deutschland. (Foto von Marco Leipold \/ City-Press GmbH Bildagentur)\"},{\"@type\":\"BreadcrumbList\",\"@id\":\"https:\/\/eishockey-berlin.de\/eishockey\/2026\/03\/02\/die-eisbaeren-auf-reisen-2\/#breadcrumb\",\"itemListElement\":[{\"@type\":\"ListItem\",\"position\":1,\"name\":\"Startseite\",\"item\":\"https:\/\/eishockey-berlin.de\/eishockey\/\"},{\"@type\":\"ListItem\",\"position\":2,\"name\":\"Die Eisb\u00e4ren auf Reisen\"}]},{\"@type\":\"WebSite\",\"@id\":\"https:\/\/eishockey-berlin.de\/eishockey\/#website\",\"url\":\"https:\/\/eishockey-berlin.de\/eishockey\/\",\"name\":\"Puckgefl\u00fcster - Berlins Eishockey Blog\",\"description\":\"\",\"publisher\":{\"@id\":\"https:\/\/eishockey-berlin.de\/eishockey\/#organization\"},\"potentialAction\":[{\"@type\":\"SearchAction\",\"target\":{\"@type\":\"EntryPoint\",\"urlTemplate\":\"https:\/\/eishockey-berlin.de\/eishockey\/?s={search_term_string}\"},\"query-input\":{\"@type\":\"PropertyValueSpecification\",\"valueRequired\":true,\"valueName\":\"search_term_string\"}}],\"inLanguage\":\"de\"},{\"@type\":\"Organization\",\"@id\":\"https:\/\/eishockey-berlin.de\/eishockey\/#organization\",\"name\":\"Puckgefl\u00fcster\",\"url\":\"https:\/\/eishockey-berlin.de\/eishockey\/\",\"logo\":{\"@type\":\"ImageObject\",\"inLanguage\":\"de\",\"@id\":\"https:\/\/eishockey-berlin.de\/eishockey\/#\/schema\/logo\/image\/\",\"url\":\"https:\/\/eishockey-berlin.de\/wp-content\/uploads\/2024\/11\/cropped-cropped-cropped-cropped-Puckgefluester-Logo-Kopf-1.png\",\"contentUrl\":\"https:\/\/eishockey-berlin.de\/wp-content\/uploads\/2024\/11\/cropped-cropped-cropped-cropped-Puckgefluester-Logo-Kopf-1.png\",\"width\":512,\"height\":512,\"caption\":\"Puckgefl\u00fcster\"},\"image\":{\"@id\":\"https:\/\/eishockey-berlin.de\/eishockey\/#\/schema\/logo\/image\/\"},\"sameAs\":[\"https:\/\/www.facebook.com\/profile.php?id=100069843317955\",\"https:\/\/x.com\/puckgefluester\",\"https:\/\/www.instagram.com\/puckgefluester\"]},{\"@type\":\"Person\",\"@id\":\"https:\/\/eishockey-berlin.de\/eishockey\/#\/schema\/person\/0dbbd30bc31ffd0e360397dfdf586f40\",\"name\":\"Felix Markau\",\"image\":{\"@type\":\"ImageObject\",\"inLanguage\":\"de\",\"@id\":\"https:\/\/eishockey-berlin.de\/eishockey\/#\/schema\/person\/image\/\",\"url\":\"https:\/\/secure.gravatar.com\/avatar\/b652acc30a68c28f0600da91ef3a308835954e99b9674d3ab5fcd4e72931ef6f?s=96&d=mm&r=g\",\"contentUrl\":\"https:\/\/secure.gravatar.com\/avatar\/b652acc30a68c28f0600da91ef3a308835954e99b9674d3ab5fcd4e72931ef6f?s=96&d=mm&r=g\",\"caption\":\"Felix Markau\"},\"sameAs\":[\"https:\/\/eishockey-berlin.de\"],\"url\":\"https:\/\/eishockey-berlin.de\/eishockey\/author\/felix\/\"}]}<\/script>\n<!-- \/ Yoast SEO plugin. -->","yoast_head_json":{"title":"Die Eisb\u00e4ren auf Reisen - Puckgefl\u00fcster - Berlins Eishockey Blog","robots":{"index":"index","follow":"follow","max-snippet":"max-snippet:-1","max-image-preview":"max-image-preview:large","max-video-preview":"max-video-preview:-1"},"canonical":"https:\/\/eishockey-berlin.de\/eishockey\/2026\/03\/02\/die-eisbaeren-auf-reisen-2\/","og_locale":"de_DE","og_type":"article","og_title":"Die Eisb\u00e4ren auf Reisen - Puckgefl\u00fcster - Berlins Eishockey Blog","og_description":"Die aktuelle Lage bei den Eisb\u00e4ren Der Rekordmeister dreht sich weiterhin im Kreis und kommt auch in der finalen Phase","og_url":"https:\/\/eishockey-berlin.de\/eishockey\/2026\/03\/02\/die-eisbaeren-auf-reisen-2\/","og_site_name":"Puckgefl\u00fcster - Berlins Eishockey Blog","article_publisher":"https:\/\/www.facebook.com\/profile.php?id=100069843317955","article_published_time":"2026-03-02T19:09:05+00:00","article_modified_time":"2026-03-03T17:21:13+00:00","og_image":[{"width":1600,"height":1000,"url":"https:\/\/eishockey-berlin.de\/wp-content\/uploads\/2026\/03\/EBB.jpg","type":"image\/jpeg"}],"author":"Felix Markau","twitter_card":"summary_large_image","twitter_creator":"@puckgefluester","twitter_site":"@puckgefluester","twitter_misc":{"Verfasst von":"Felix Markau","Gesch\u00e4tzte Lesezeit":"6\u00a0Minuten"},"schema":{"@context":"https:\/\/schema.org","@graph":[{"@type":"Article","@id":"https:\/\/eishockey-berlin.de\/eishockey\/2026\/03\/02\/die-eisbaeren-auf-reisen-2\/#article","isPartOf":{"@id":"https:\/\/eishockey-berlin.de\/eishockey\/2026\/03\/02\/die-eisbaeren-auf-reisen-2\/"},"author":{"name":"Felix Markau","@id":"https:\/\/eishockey-berlin.de\/eishockey\/#\/schema\/person\/0dbbd30bc31ffd0e360397dfdf586f40"},"headline":"Die Eisb\u00e4ren auf Reisen","datePublished":"2026-03-02T19:09:05+00:00","dateModified":"2026-03-03T17:21:13+00:00","mainEntityOfPage":{"@id":"https:\/\/eishockey-berlin.de\/eishockey\/2026\/03\/02\/die-eisbaeren-auf-reisen-2\/"},"wordCount":875,"commentCount":0,"publisher":{"@id":"https:\/\/eishockey-berlin.de\/eishockey\/#organization"},"image":{"@id":"https:\/\/eishockey-berlin.de\/eishockey\/2026\/03\/02\/die-eisbaeren-auf-reisen-2\/#primaryimage"},"thumbnailUrl":"https:\/\/eishockey-berlin.de\/wp-content\/uploads\/2026\/03\/EBB.jpg","keywords":["Dresdner Eisl\u00f6wen","Eisb\u00e4ren Berlin","K\u00f6lner Haie","N\u00fcrnberg Ice Tigers"],"articleSection":["Vorberichte"],"inLanguage":"de","potentialAction":[{"@type":"CommentAction","name":"Comment","target":["https:\/\/eishockey-berlin.de\/eishockey\/2026\/03\/02\/die-eisbaeren-auf-reisen-2\/#respond"]}]},{"@type":"WebPage","@id":"https:\/\/eishockey-berlin.de\/eishockey\/2026\/03\/02\/die-eisbaeren-auf-reisen-2\/","url":"https:\/\/eishockey-berlin.de\/eishockey\/2026\/03\/02\/die-eisbaeren-auf-reisen-2\/","name":"Die Eisb\u00e4ren auf Reisen - Puckgefl\u00fcster - Berlins Eishockey Blog","isPartOf":{"@id":"https:\/\/eishockey-berlin.de\/eishockey\/#website"},"primaryImageOfPage":{"@id":"https:\/\/eishockey-berlin.de\/eishockey\/2026\/03\/02\/die-eisbaeren-auf-reisen-2\/#primaryimage"},"image":{"@id":"https:\/\/eishockey-berlin.de\/eishockey\/2026\/03\/02\/die-eisbaeren-auf-reisen-2\/#primaryimage"},"thumbnailUrl":"https:\/\/eishockey-berlin.de\/wp-content\/uploads\/2026\/03\/EBB.jpg","datePublished":"2026-03-02T19:09:05+00:00","dateModified":"2026-03-03T17:21:13+00:00","breadcrumb":{"@id":"https:\/\/eishockey-berlin.de\/eishockey\/2026\/03\/02\/die-eisbaeren-auf-reisen-2\/#breadcrumb"},"inLanguage":"de","potentialAction":[{"@type":"ReadAction","target":["https:\/\/eishockey-berlin.de\/eishockey\/2026\/03\/02\/die-eisbaeren-auf-reisen-2\/"]}]},{"@type":"ImageObject","inLanguage":"de","@id":"https:\/\/eishockey-berlin.de\/eishockey\/2026\/03\/02\/die-eisbaeren-auf-reisen-2\/#primaryimage","url":"https:\/\/eishockey-berlin.de\/wp-content\/uploads\/2026\/03\/EBB.jpg","contentUrl":"https:\/\/eishockey-berlin.de\/wp-content\/uploads\/2026\/03\/EBB.jpg","width":1600,"height":1000,"caption":"Andreas Eder und Les Lancaster von den Eisb\u008aren Berlin niedergeschlagen w\u008ahrend des Spiels zwischen den Eisb\u008aren Berlin und Fischtown Pinguins Bremerhaven am 01.03.2026 in Berlin, Deutschland. (Foto von Marco Leipold \/ City-Press GmbH Bildagentur)"},{"@type":"BreadcrumbList","@id":"https:\/\/eishockey-berlin.de\/eishockey\/2026\/03\/02\/die-eisbaeren-auf-reisen-2\/#breadcrumb","itemListElement":[{"@type":"ListItem","position":1,"name":"Startseite","item":"https:\/\/eishockey-berlin.de\/eishockey\/"},{"@type":"ListItem","position":2,"name":"Die Eisb\u00e4ren auf Reisen"}]},{"@type":"WebSite","@id":"https:\/\/eishockey-berlin.de\/eishockey\/#website","url":"https:\/\/eishockey-berlin.de\/eishockey\/","name":"Puckgefl\u00fcster - Berlins Eishockey Blog","description":"","publisher":{"@id":"https:\/\/eishockey-berlin.de\/eishockey\/#organization"},"potentialAction":[{"@type":"SearchAction","target":{"@type":"EntryPoint","urlTemplate":"https:\/\/eishockey-berlin.de\/eishockey\/?s={search_term_string}"},"query-input":{"@type":"PropertyValueSpecification","valueRequired":true,"valueName":"search_term_string"}}],"inLanguage":"de"},{"@type":"Organization","@id":"https:\/\/eishockey-berlin.de\/eishockey\/#organization","name":"Puckgefl\u00fcster","url":"https:\/\/eishockey-berlin.de\/eishockey\/","logo":{"@type":"ImageObject","inLanguage":"de","@id":"https:\/\/eishockey-berlin.de\/eishockey\/#\/schema\/logo\/image\/","url":"https:\/\/eishockey-berlin.de\/wp-content\/uploads\/2024\/11\/cropped-cropped-cropped-cropped-Puckgefluester-Logo-Kopf-1.png","contentUrl":"https:\/\/eishockey-berlin.de\/wp-content\/uploads\/2024\/11\/cropped-cropped-cropped-cropped-Puckgefluester-Logo-Kopf-1.png","width":512,"height":512,"caption":"Puckgefl\u00fcster"},"image":{"@id":"https:\/\/eishockey-berlin.de\/eishockey\/#\/schema\/logo\/image\/"},"sameAs":["https:\/\/www.facebook.com\/profile.php?id=100069843317955","https:\/\/x.com\/puckgefluester","https:\/\/www.instagram.com\/puckgefluester"]},{"@type":"Person","@id":"https:\/\/eishockey-berlin.de\/eishockey\/#\/schema\/person\/0dbbd30bc31ffd0e360397dfdf586f40","name":"Felix Markau","image":{"@type":"ImageObject","inLanguage":"de","@id":"https:\/\/eishockey-berlin.de\/eishockey\/#\/schema\/person\/image\/","url":"https:\/\/secure.gravatar.com\/avatar\/b652acc30a68c28f0600da91ef3a308835954e99b9674d3ab5fcd4e72931ef6f?s=96&d=mm&r=g","contentUrl":"https:\/\/secure.gravatar.com\/avatar\/b652acc30a68c28f0600da91ef3a308835954e99b9674d3ab5fcd4e72931ef6f?s=96&d=mm&r=g","caption":"Felix Markau"},"sameAs":["https:\/\/eishockey-berlin.de"],"url":"https:\/\/eishockey-berlin.de\/eishockey\/author\/felix\/"}]}},"_links":{"self":[{"href":"https:\/\/eishockey-berlin.de\/eishockey\/wp-json\/wp\/v2\/posts\/2172","targetHints":{"allow":["GET"]}}],"collection":[{"href":"https:\/\/eishockey-berlin.de\/eishockey\/wp-json\/wp\/v2\/posts"}],"about":[{"href":"https:\/\/eishockey-berlin.de\/eishockey\/wp-json\/wp\/v2\/types\/post"}],"author":[{"embeddable":true,"href":"https:\/\/eishockey-berlin.de\/eishockey\/wp-json\/wp\/v2\/users\/4"}],"replies":[{"embeddable":true,"href":"https:\/\/eishockey-berlin.de\/eishockey\/wp-json\/wp\/v2\/comments?post=2172"}],"version-history":[{"count":4,"href":"https:\/\/eishockey-berlin.de\/eishockey\/wp-json\/wp\/v2\/posts\/2172\/revisions"}],"predecessor-version":[{"id":2183,"href":"https:\/\/eishockey-berlin.de\/eishockey\/wp-json\/wp\/v2\/posts\/2172\/revisions\/2183"}],"wp:featuredmedia":[{"embeddable":true,"href":"https:\/\/eishockey-berlin.de\/eishockey\/wp-json\/wp\/v2\/media\/2173"}],"wp:attachment":[{"href":"https:\/\/eishockey-berlin.de\/eishockey\/wp-json\/wp\/v2\/media?parent=2172"}],"wp:term":[{"taxonomy":"category","embeddable":true,"href":"https:\/\/eishockey-berlin.de\/eishockey\/wp-json\/wp\/v2\/categories?post=2172"},{"taxonomy":"post_tag","embeddable":true,"href":"https:\/\/eishockey-berlin.de\/eishockey\/wp-json\/wp\/v2\/tags?post=2172"}],"curies":[{"name":"wp","href":"https:\/\/api.w.org\/{rel}","templated":true}]}}