{"id":1935,"date":"2025-12-25T10:39:29","date_gmt":"2025-12-25T09:39:29","guid":{"rendered":"https:\/\/eishockey-berlin.de\/eishockey\/?p=1935"},"modified":"2025-12-25T10:39:31","modified_gmt":"2025-12-25T09:39:31","slug":"gegner-auf-augenhoehe-fuer-die-eisbaeren","status":"publish","type":"post","link":"https:\/\/eishockey-berlin.de\/eishockey\/2025\/12\/25\/gegner-auf-augenhoehe-fuer-die-eisbaeren\/","title":{"rendered":"Gegner auf Augenh\u00f6he f\u00fcr die Eisb\u00e4ren"},"content":{"rendered":"\n<p><strong>Die aktuelle Lage bei den Eisb\u00e4ren<\/strong><\/p>\n\n\n\n<p>Die Eisb\u00e4ren k\u00e4mpfen sich weiterhin durch eine nicht einfache Saison. Durch die Niederlagen gegen die Topteams Ingolstadt (5:8), K\u00f6ln (3:4 n.P.) und Mannheim (5:8) sind die Berliner in der Tabelle auf Platz sieben abgerutscht. Mit Wolfsburg, N\u00fcrnberg sowie dem direkten Konkurrenten Bremerhaven warten nun Gegner auf Augenh\u00f6he, gegen die dringend gepunktet werden sollte, wenn man die direkte Play-Off-Qualifikation nicht aus den Augen verlieren m\u00f6chte.<\/p>\n\n\n\n<p>Gegen die derzeit besten DEL-Teams zeigten die Eisb\u00e4ren erneut in Phasen, dass sie gerade offensiv herausragendes Eishockey spielen k\u00f6nnen, brachten sich aber durch haarstr\u00e4ubende Fehler und unn\u00f6tige Strafzeiten um den verdienten Lohn. Sowie in Ingolstadt als auch gegen K\u00f6ln wurde zum wiederholten Male eine Zwei-Tore-F\u00fchrung noch aus der Hand gegeben. Auch Jake Hildebrand hat von seiner starken Form etwas eingeb\u00fc\u00dft und sah gerade in Mannheim bei einigen Gegentreffer nicht gl\u00fccklich aus. Dass diese \u00e4hnlichen Spielverl\u00e4ufe, die immer wieder zu den Niederlagen f\u00fchren, auch intern ein Thema sind, zeigt das Interview von Freddy Tiffels bei Magenta nach dem Spiel in Mannheim, als er genervt wie selten \u00fcber die unerkl\u00e4rlichen Fehler im Spiel der Eisb\u00e4ren sprach.<\/p>\n\n\n\n<p>Es gibt aber auch Dinge, die Hoffnung machen. So kehrte Verteidiger Korbinian Geibel nach seiner schweren Sprunggelenksverletzung gegen die Haie in den Kader zur\u00fcck. Weitere R\u00fcckkehrer sind demn\u00e4chst zu erwarten. <strong>Liam Kirk <\/strong>punktete in den letzten Wochen stark und ist nun mit 30 Punkten (15 Tore, 15 Vorlagen) hinter Freddy Tiffels (34 Punkte) zweitbester Scorer der Eisb\u00e4ren. Auch <strong>Marcel Noebels <\/strong>\u00fcberzeugte zuletzt mit zehn Punkten in den letzten sechs Spielen, ungeachtet der Ger\u00fcchte, dass er in der kommenden Saison das Trikot der K\u00f6lner Haie tragen soll.<\/p>\n\n\n\n<p>Kurzfristig gab es allerdings auch wieder schlechte Nachrichten. In Mannheim fehlte Manuel Wiederer kurzfristig im Aufgebot der Berliner. Zudem wurde Interims-Kapit\u00e4n <strong>Jonas M\u00fcller <\/strong>nach seinem Bandencheck gegen Mannheims Zach Solow f\u00fcr zwei Spiele gesperrt und verpasst damit die wichtigen Heimspiele gegen Wolfsburg und N\u00fcrnberg. Wir d\u00fcrfen gespannt sein, wer die Eisb\u00e4ren in diesen Spielen als Kapit\u00e4n aufs Eis f\u00fchren wird.<\/p>\n\n\n\n<figure class=\"wp-block-image size-full\"><img loading=\"lazy\" decoding=\"async\" width=\"1600\" height=\"1067\" src=\"https:\/\/eishockey-berlin.de\/wp-content\/uploads\/2025\/12\/Noebels4.jpg\" alt=\"\" class=\"wp-image-1938\" srcset=\"https:\/\/eishockey-berlin.de\/wp-content\/uploads\/2025\/12\/Noebels4.jpg 1600w, https:\/\/eishockey-berlin.de\/wp-content\/uploads\/2025\/12\/Noebels4-768x512.jpg 768w, https:\/\/eishockey-berlin.de\/wp-content\/uploads\/2025\/12\/Noebels4-1536x1024.jpg 1536w\" sizes=\"auto, (max-width: 1600px) 100vw, 1600px\" \/><figcaption class=\"wp-element-caption\">Marcel Noebels ist in starker Form und kam in den letzten sechs Spielen auf zehn Punkte (ein Tor, neun Vorlagen). (Foto von Marco Leipold \/ City-Press GmbH Bildagentur)<\/figcaption><\/figure>\n\n\n\n<p><strong>Der Gegner am Freitag: Grizzlys Wolfsburg<\/strong><\/p>\n\n\n\n<p>Die Autost\u00e4dter spielen weiterhin eine \u00e4u\u00dferst wechselhafte Saison und stehen mit 44 Punkten auf Platz neun, sechs Punkte hinter den Eisb\u00e4ren. Zuletzt lief es mit drei Siegen in vier Spielen allerdings etwas besser. So konnte u.a. Mannheim mit 5:2 bezwungen werden. Mitverantwortlich daf\u00fcr war Sturm-Neuzugang Gemel Smith, der mit zwei Toren und einer Vorlage in drei Spielen stark eingeschlagen ist und die Mannschaft mit seiner energiegeladenen Spielweise durchaus beleben konnte. Angef\u00fchrt werden die Grizzlys weiterhin von den Sturm-Oldies <strong>Matt White <\/strong>(29 Punkte), Spencer Machacek (26 Punkte) und Tyler Gaudet (25 Punkte). Die Wolfsburger sind in dieser Saison der Lieblingsgegner der Eisb\u00e4ren. Gegen die Grizzlys gelangen zwei Siege (3:2 und 6:1). Daher sollten die Eisb\u00e4ren gegen die l\u00e4uferisch eher selten \u00fcberzeugenden VW-St\u00e4dter das Tempo hochhalten und ihr Spiel durchziehen. Wir sind optimistisch und tippen auf einen 4:1-Sieg der Eisb\u00e4ren am zweiten Weihnachtsfeiertag (Spielbeginn: 16:30 Uhr).<\/p>\n\n\n\n<figure class=\"wp-block-image size-full\"><img loading=\"lazy\" decoding=\"async\" width=\"1600\" height=\"1067\" src=\"https:\/\/eishockey-berlin.de\/wp-content\/uploads\/2025\/12\/White2.jpg\" alt=\"\" class=\"wp-image-1941\" srcset=\"https:\/\/eishockey-berlin.de\/wp-content\/uploads\/2025\/12\/White2.jpg 1600w, https:\/\/eishockey-berlin.de\/wp-content\/uploads\/2025\/12\/White2-768x512.jpg 768w, https:\/\/eishockey-berlin.de\/wp-content\/uploads\/2025\/12\/White2-1536x1024.jpg 1536w\" sizes=\"auto, (max-width: 1600px) 100vw, 1600px\" \/><figcaption class=\"wp-element-caption\">Ex-Eisb\u00e4r Matt White ist mit 29 Punkten (9 Tore, 20 Vorlagen) nach 30 Spielen weiterhin der Topscorer der Grizzlys Wolfsburg. (Foto von Moritz Eden \/ City-Press GmbH Bildagentur)<\/figcaption><\/figure>\n\n\n\n<p><strong>Der Gegner am Sonntag: N\u00fcrnberg Ice Tigers <\/strong><\/p>\n\n\n\n<p>Die Mannen um DEL-Topscorer Evan Barratt haben zuletzt viel Boden gut gemacht. Dank f\u00fcnf Siegen in den letzten sechs Spielen kletterten die Lebkuchenst\u00e4dter mit nun 46 Punkten auf Platz acht und liegen nur noch vier Punkte hinter den Eisb\u00e4ren. Dieser Erfolg hat mehrere Gr\u00fcnde. Zum einen hat sich das Lazarett sp\u00fcrbar reduziert. Mit Cole Maier und Will Graber kehrten wichtige Spieler aufs Eis zur\u00fcck. Einzig f\u00fcr Ex-Eisb\u00e4r Tine Braun ist die Saison nach seinem Achillessehnenriss vorzeitig beendet. In absoluter Topform befindet sich derzeit die \u00fcberragende erste Sturmreihe der Ice Tigers. <strong>Samuel Dove-McFalls <\/strong>(27 Punkte in 29 Spielen), Top-Neuzugang <strong>Brett Murray <\/strong>(25 Punkte in 21 Spielen) und Topscorer <strong>Evan Barratt <\/strong>(43 Punkte in 30 Spielen) zaubern sich derzeit durch die DEL-Hallen und erzielten die letzten sieben Tore der N\u00fcrnberger. Die Mischung aus Spielverst\u00e4ndnis, k\u00f6rperlicher St\u00e4rke und Torgefahr macht diese Reihe so unwiderstehlich. Wir d\u00fcrfen gespannt sind, wie sich die mitunter l\u00f6chrige Eisb\u00e4ren-Abwehr gegen diese Top-St\u00fcrmer schlagen wird und tippen dennoch auf einen knappen 4:3-Heimsieg der Eisb\u00e4ren am Sonntag (Spielbeginn: 14:00 Uhr).<\/p>\n\n\n\n<figure class=\"wp-block-image size-full\"><img loading=\"lazy\" decoding=\"async\" width=\"640\" height=\"960\" src=\"https:\/\/eishockey-berlin.de\/wp-content\/uploads\/2025\/12\/Barratt1.jpg\" alt=\"\" class=\"wp-image-1944\"\/><figcaption class=\"wp-element-caption\">Evan Barratt ist mit 43 Punkten (9 Tore, 34 Vorlagen) nicht nur der Topscorer der N\u00fcrnberg Ice Tigers, sondern auch der gesamten Liga. (Foto von Marco Leipold \/ City-Press GmbH Bildagentur)<\/figcaption><\/figure>\n\n\n\n<p><strong>Der Gegner am Dienstag: Fischtown Pinguins Bremerhaven<\/strong><\/p>\n\n\n\n<p>Im letzten Spiel des Jahres geht es f\u00fcr die Eisb\u00e4ren zum bisherigen Angstgegner und direkten Konkurrenten um Platz sechs. In den beiden Spielen in dieser Saison (1:5 und 1:4) verzweifelten die Berliner am defensiven System der Seest\u00e4dter, die mit 50 Punkten dank des besseren Torverh\u00e4ltnisses knapp vor den punktgleichen Eisb\u00e4ren auf dem begehrten sechsten Platz liegen. Angef\u00fchrt werden die Pinguins auch in dieser Saison vom Karawanken-Express um <strong>Miha Verlic <\/strong>(21 Punkte), <strong>Jan Urbas <\/strong>(21 Punkte) und <strong>Ziga Jeglic <\/strong>(22 Punkte), die auch im hohen Alter nichts von ihrem herausragenden Eishockey-IQ eingeb\u00fc\u00dft haben. Die Nordlichter wurden zuletzt vom Verletzungspech ereilt. Mit Verteidiger Nicholas B. Jensen und den St\u00fcrmern Christian Wejse und Senkrechtstarter Bennet Ro\u00dfmy (20 Punkte) fallen wichtige Spieler aus. Auch in Bremerhaven wechseln sich Sieg und Niederlage in sch\u00f6ner Regelm\u00e4\u00dfigkeit ab. Da die Eisb\u00e4ren in Bremerhaven meist einen schweren Stand haben, tippen wir auf einen knappen 3:2-Sieg der Pinguins (Spielbeginn: 19:30 Uhr).<\/p>\n\n\n\n<figure class=\"wp-block-image size-full\"><img loading=\"lazy\" decoding=\"async\" width=\"1600\" height=\"971\" src=\"https:\/\/eishockey-berlin.de\/wp-content\/uploads\/2025\/12\/Jeglic1.jpg\" alt=\"\" class=\"wp-image-1946\" srcset=\"https:\/\/eishockey-berlin.de\/wp-content\/uploads\/2025\/12\/Jeglic1.jpg 1600w, https:\/\/eishockey-berlin.de\/wp-content\/uploads\/2025\/12\/Jeglic1-768x466.jpg 768w, https:\/\/eishockey-berlin.de\/wp-content\/uploads\/2025\/12\/Jeglic1-1536x932.jpg 1536w\" sizes=\"auto, (max-width: 1600px) 100vw, 1600px\" \/><figcaption class=\"wp-element-caption\">Ziga Jeglic ist mit 22 Punkten (6 Tore, 16 Vorlagen) nach 31 Spielen der Topscorer der Fischtown Pinguins Bremerhaven. (Foto von Mathias Renner \/ City-Press GmbH Bildagentur)<\/figcaption><\/figure>\n","protected":false},"excerpt":{"rendered":"<p>Die aktuelle Lage bei den Eisb\u00e4ren Die Eisb\u00e4ren k\u00e4mpfen sich weiterhin durch eine nicht einfache Saison. Durch die Niederlagen gegen<\/p>\n","protected":false},"author":4,"featured_media":1936,"comment_status":"open","ping_status":"open","sticky":false,"template":"","format":"standard","meta":{"colormag_page_layout":"default_layout","footnotes":""},"categories":[1,6],"tags":[14,55,36,154],"class_list":["post-1935","post","type-post","status-publish","format-standard","has-post-thumbnail","hentry","category-allgemein","category-vorberichte","tag-eisbaeren-berlin","tag-grizzlys-wolfsburg","tag-nuernberg-ice-tigers","tag-pinguins-bremerhaven"],"yoast_head":"<!-- This site is optimized with the Yoast SEO plugin v25.9 - https:\/\/yoast.com\/wordpress\/plugins\/seo\/ -->\n<title>Gegner auf Augenh\u00f6he f\u00fcr die Eisb\u00e4ren - Puckgefl\u00fcster - Berlins Eishockey Blog<\/title>\n<meta name=\"robots\" content=\"index, follow, max-snippet:-1, max-image-preview:large, max-video-preview:-1\" \/>\n<link rel=\"canonical\" href=\"https:\/\/eishockey-berlin.de\/eishockey\/2025\/12\/25\/gegner-auf-augenhoehe-fuer-die-eisbaeren\/\" \/>\n<meta property=\"og:locale\" content=\"de_DE\" \/>\n<meta property=\"og:type\" content=\"article\" \/>\n<meta property=\"og:title\" content=\"Gegner auf Augenh\u00f6he f\u00fcr die Eisb\u00e4ren - Puckgefl\u00fcster - Berlins Eishockey Blog\" \/>\n<meta property=\"og:description\" content=\"Die aktuelle Lage bei den Eisb\u00e4ren Die Eisb\u00e4ren k\u00e4mpfen sich weiterhin durch eine nicht einfache Saison. Durch die Niederlagen gegen\" \/>\n<meta property=\"og:url\" content=\"https:\/\/eishockey-berlin.de\/eishockey\/2025\/12\/25\/gegner-auf-augenhoehe-fuer-die-eisbaeren\/\" \/>\n<meta property=\"og:site_name\" content=\"Puckgefl\u00fcster - Berlins Eishockey Blog\" \/>\n<meta property=\"article:publisher\" content=\"https:\/\/www.facebook.com\/profile.php?id=100069843317955\" \/>\n<meta property=\"article:published_time\" content=\"2025-12-25T09:39:29+00:00\" \/>\n<meta property=\"article:modified_time\" content=\"2025-12-25T09:39:31+00:00\" \/>\n<meta property=\"og:image\" content=\"https:\/\/eishockey-berlin.de\/wp-content\/uploads\/2025\/12\/Tiffels4.jpg\" \/>\n\t<meta property=\"og:image:width\" content=\"1600\" \/>\n\t<meta property=\"og:image:height\" content=\"1067\" \/>\n\t<meta property=\"og:image:type\" content=\"image\/jpeg\" \/>\n<meta name=\"author\" content=\"Felix Markau\" \/>\n<meta name=\"twitter:card\" content=\"summary_large_image\" \/>\n<meta name=\"twitter:creator\" content=\"@puckgefluester\" \/>\n<meta name=\"twitter:site\" content=\"@puckgefluester\" \/>\n<meta name=\"twitter:label1\" content=\"Verfasst von\" \/>\n\t<meta name=\"twitter:data1\" content=\"Felix Markau\" \/>\n\t<meta name=\"twitter:label2\" content=\"Gesch\u00e4tzte Lesezeit\" \/>\n\t<meta name=\"twitter:data2\" content=\"7\u00a0Minuten\" \/>\n<script type=\"application\/ld+json\" class=\"yoast-schema-graph\">{\"@context\":\"https:\/\/schema.org\",\"@graph\":[{\"@type\":\"Article\",\"@id\":\"https:\/\/eishockey-berlin.de\/eishockey\/2025\/12\/25\/gegner-auf-augenhoehe-fuer-die-eisbaeren\/#article\",\"isPartOf\":{\"@id\":\"https:\/\/eishockey-berlin.de\/eishockey\/2025\/12\/25\/gegner-auf-augenhoehe-fuer-die-eisbaeren\/\"},\"author\":{\"name\":\"Felix Markau\",\"@id\":\"https:\/\/eishockey-berlin.de\/eishockey\/#\/schema\/person\/0dbbd30bc31ffd0e360397dfdf586f40\"},\"headline\":\"Gegner auf Augenh\u00f6he f\u00fcr die Eisb\u00e4ren\",\"datePublished\":\"2025-12-25T09:39:29+00:00\",\"dateModified\":\"2025-12-25T09:39:31+00:00\",\"mainEntityOfPage\":{\"@id\":\"https:\/\/eishockey-berlin.de\/eishockey\/2025\/12\/25\/gegner-auf-augenhoehe-fuer-die-eisbaeren\/\"},\"wordCount\":970,\"commentCount\":0,\"publisher\":{\"@id\":\"https:\/\/eishockey-berlin.de\/eishockey\/#organization\"},\"image\":{\"@id\":\"https:\/\/eishockey-berlin.de\/eishockey\/2025\/12\/25\/gegner-auf-augenhoehe-fuer-die-eisbaeren\/#primaryimage\"},\"thumbnailUrl\":\"https:\/\/eishockey-berlin.de\/wp-content\/uploads\/2025\/12\/Tiffels4.jpg\",\"keywords\":[\"Eisb\u00e4ren Berlin\",\"Grizzlys Wolfsburg\",\"N\u00fcrnberg Ice Tigers\",\"Pinguins Bremerhaven\"],\"articleSection\":{\"1\":\"Vorberichte\"},\"inLanguage\":\"de\",\"potentialAction\":[{\"@type\":\"CommentAction\",\"name\":\"Comment\",\"target\":[\"https:\/\/eishockey-berlin.de\/eishockey\/2025\/12\/25\/gegner-auf-augenhoehe-fuer-die-eisbaeren\/#respond\"]}]},{\"@type\":\"WebPage\",\"@id\":\"https:\/\/eishockey-berlin.de\/eishockey\/2025\/12\/25\/gegner-auf-augenhoehe-fuer-die-eisbaeren\/\",\"url\":\"https:\/\/eishockey-berlin.de\/eishockey\/2025\/12\/25\/gegner-auf-augenhoehe-fuer-die-eisbaeren\/\",\"name\":\"Gegner auf Augenh\u00f6he f\u00fcr die Eisb\u00e4ren - Puckgefl\u00fcster - Berlins Eishockey Blog\",\"isPartOf\":{\"@id\":\"https:\/\/eishockey-berlin.de\/eishockey\/#website\"},\"primaryImageOfPage\":{\"@id\":\"https:\/\/eishockey-berlin.de\/eishockey\/2025\/12\/25\/gegner-auf-augenhoehe-fuer-die-eisbaeren\/#primaryimage\"},\"image\":{\"@id\":\"https:\/\/eishockey-berlin.de\/eishockey\/2025\/12\/25\/gegner-auf-augenhoehe-fuer-die-eisbaeren\/#primaryimage\"},\"thumbnailUrl\":\"https:\/\/eishockey-berlin.de\/wp-content\/uploads\/2025\/12\/Tiffels4.jpg\",\"datePublished\":\"2025-12-25T09:39:29+00:00\",\"dateModified\":\"2025-12-25T09:39:31+00:00\",\"breadcrumb\":{\"@id\":\"https:\/\/eishockey-berlin.de\/eishockey\/2025\/12\/25\/gegner-auf-augenhoehe-fuer-die-eisbaeren\/#breadcrumb\"},\"inLanguage\":\"de\",\"potentialAction\":[{\"@type\":\"ReadAction\",\"target\":[\"https:\/\/eishockey-berlin.de\/eishockey\/2025\/12\/25\/gegner-auf-augenhoehe-fuer-die-eisbaeren\/\"]}]},{\"@type\":\"ImageObject\",\"inLanguage\":\"de\",\"@id\":\"https:\/\/eishockey-berlin.de\/eishockey\/2025\/12\/25\/gegner-auf-augenhoehe-fuer-die-eisbaeren\/#primaryimage\",\"url\":\"https:\/\/eishockey-berlin.de\/wp-content\/uploads\/2025\/12\/Tiffels4.jpg\",\"contentUrl\":\"https:\/\/eishockey-berlin.de\/wp-content\/uploads\/2025\/12\/Tiffels4.jpg\",\"width\":1600,\"height\":1067,\"caption\":\"Frederik Tiffels von den Eisb\u008aren Berlin f\u009fhrt den Puck w\u008ahrend des Spiels zwischen den Eisb\u008aren Berlin und den K\u009alner Haien am 14.12.2025 in Berlin, Deutschland. (Foto von Marco Leipold \/ City-Press GmbH Bildagentur)\"},{\"@type\":\"BreadcrumbList\",\"@id\":\"https:\/\/eishockey-berlin.de\/eishockey\/2025\/12\/25\/gegner-auf-augenhoehe-fuer-die-eisbaeren\/#breadcrumb\",\"itemListElement\":[{\"@type\":\"ListItem\",\"position\":1,\"name\":\"Startseite\",\"item\":\"https:\/\/eishockey-berlin.de\/eishockey\/\"},{\"@type\":\"ListItem\",\"position\":2,\"name\":\"Gegner auf Augenh\u00f6he f\u00fcr die Eisb\u00e4ren\"}]},{\"@type\":\"WebSite\",\"@id\":\"https:\/\/eishockey-berlin.de\/eishockey\/#website\",\"url\":\"https:\/\/eishockey-berlin.de\/eishockey\/\",\"name\":\"Puckgefl\u00fcster - Berlins Eishockey Blog\",\"description\":\"\",\"publisher\":{\"@id\":\"https:\/\/eishockey-berlin.de\/eishockey\/#organization\"},\"potentialAction\":[{\"@type\":\"SearchAction\",\"target\":{\"@type\":\"EntryPoint\",\"urlTemplate\":\"https:\/\/eishockey-berlin.de\/eishockey\/?s={search_term_string}\"},\"query-input\":{\"@type\":\"PropertyValueSpecification\",\"valueRequired\":true,\"valueName\":\"search_term_string\"}}],\"inLanguage\":\"de\"},{\"@type\":\"Organization\",\"@id\":\"https:\/\/eishockey-berlin.de\/eishockey\/#organization\",\"name\":\"Puckgefl\u00fcster\",\"url\":\"https:\/\/eishockey-berlin.de\/eishockey\/\",\"logo\":{\"@type\":\"ImageObject\",\"inLanguage\":\"de\",\"@id\":\"https:\/\/eishockey-berlin.de\/eishockey\/#\/schema\/logo\/image\/\",\"url\":\"https:\/\/eishockey-berlin.de\/wp-content\/uploads\/2024\/11\/cropped-cropped-cropped-cropped-Puckgefluester-Logo-Kopf-1.png\",\"contentUrl\":\"https:\/\/eishockey-berlin.de\/wp-content\/uploads\/2024\/11\/cropped-cropped-cropped-cropped-Puckgefluester-Logo-Kopf-1.png\",\"width\":512,\"height\":512,\"caption\":\"Puckgefl\u00fcster\"},\"image\":{\"@id\":\"https:\/\/eishockey-berlin.de\/eishockey\/#\/schema\/logo\/image\/\"},\"sameAs\":[\"https:\/\/www.facebook.com\/profile.php?id=100069843317955\",\"https:\/\/x.com\/puckgefluester\",\"https:\/\/www.instagram.com\/puckgefluester\"]},{\"@type\":\"Person\",\"@id\":\"https:\/\/eishockey-berlin.de\/eishockey\/#\/schema\/person\/0dbbd30bc31ffd0e360397dfdf586f40\",\"name\":\"Felix Markau\",\"image\":{\"@type\":\"ImageObject\",\"inLanguage\":\"de\",\"@id\":\"https:\/\/eishockey-berlin.de\/eishockey\/#\/schema\/person\/image\/\",\"url\":\"https:\/\/secure.gravatar.com\/avatar\/b652acc30a68c28f0600da91ef3a308835954e99b9674d3ab5fcd4e72931ef6f?s=96&d=mm&r=g\",\"contentUrl\":\"https:\/\/secure.gravatar.com\/avatar\/b652acc30a68c28f0600da91ef3a308835954e99b9674d3ab5fcd4e72931ef6f?s=96&d=mm&r=g\",\"caption\":\"Felix Markau\"},\"sameAs\":[\"https:\/\/eishockey-berlin.de\"],\"url\":\"https:\/\/eishockey-berlin.de\/eishockey\/author\/felix\/\"}]}<\/script>\n<!-- \/ Yoast SEO plugin. -->","yoast_head_json":{"title":"Gegner auf Augenh\u00f6he f\u00fcr die Eisb\u00e4ren - Puckgefl\u00fcster - Berlins Eishockey Blog","robots":{"index":"index","follow":"follow","max-snippet":"max-snippet:-1","max-image-preview":"max-image-preview:large","max-video-preview":"max-video-preview:-1"},"canonical":"https:\/\/eishockey-berlin.de\/eishockey\/2025\/12\/25\/gegner-auf-augenhoehe-fuer-die-eisbaeren\/","og_locale":"de_DE","og_type":"article","og_title":"Gegner auf Augenh\u00f6he f\u00fcr die Eisb\u00e4ren - Puckgefl\u00fcster - Berlins Eishockey Blog","og_description":"Die aktuelle Lage bei den Eisb\u00e4ren Die Eisb\u00e4ren k\u00e4mpfen sich weiterhin durch eine nicht einfache Saison. Durch die Niederlagen gegen","og_url":"https:\/\/eishockey-berlin.de\/eishockey\/2025\/12\/25\/gegner-auf-augenhoehe-fuer-die-eisbaeren\/","og_site_name":"Puckgefl\u00fcster - Berlins Eishockey Blog","article_publisher":"https:\/\/www.facebook.com\/profile.php?id=100069843317955","article_published_time":"2025-12-25T09:39:29+00:00","article_modified_time":"2025-12-25T09:39:31+00:00","og_image":[{"width":1600,"height":1067,"url":"https:\/\/eishockey-berlin.de\/wp-content\/uploads\/2025\/12\/Tiffels4.jpg","type":"image\/jpeg"}],"author":"Felix Markau","twitter_card":"summary_large_image","twitter_creator":"@puckgefluester","twitter_site":"@puckgefluester","twitter_misc":{"Verfasst von":"Felix Markau","Gesch\u00e4tzte Lesezeit":"7\u00a0Minuten"},"schema":{"@context":"https:\/\/schema.org","@graph":[{"@type":"Article","@id":"https:\/\/eishockey-berlin.de\/eishockey\/2025\/12\/25\/gegner-auf-augenhoehe-fuer-die-eisbaeren\/#article","isPartOf":{"@id":"https:\/\/eishockey-berlin.de\/eishockey\/2025\/12\/25\/gegner-auf-augenhoehe-fuer-die-eisbaeren\/"},"author":{"name":"Felix Markau","@id":"https:\/\/eishockey-berlin.de\/eishockey\/#\/schema\/person\/0dbbd30bc31ffd0e360397dfdf586f40"},"headline":"Gegner auf Augenh\u00f6he f\u00fcr die Eisb\u00e4ren","datePublished":"2025-12-25T09:39:29+00:00","dateModified":"2025-12-25T09:39:31+00:00","mainEntityOfPage":{"@id":"https:\/\/eishockey-berlin.de\/eishockey\/2025\/12\/25\/gegner-auf-augenhoehe-fuer-die-eisbaeren\/"},"wordCount":970,"commentCount":0,"publisher":{"@id":"https:\/\/eishockey-berlin.de\/eishockey\/#organization"},"image":{"@id":"https:\/\/eishockey-berlin.de\/eishockey\/2025\/12\/25\/gegner-auf-augenhoehe-fuer-die-eisbaeren\/#primaryimage"},"thumbnailUrl":"https:\/\/eishockey-berlin.de\/wp-content\/uploads\/2025\/12\/Tiffels4.jpg","keywords":["Eisb\u00e4ren Berlin","Grizzlys Wolfsburg","N\u00fcrnberg Ice Tigers","Pinguins Bremerhaven"],"articleSection":{"1":"Vorberichte"},"inLanguage":"de","potentialAction":[{"@type":"CommentAction","name":"Comment","target":["https:\/\/eishockey-berlin.de\/eishockey\/2025\/12\/25\/gegner-auf-augenhoehe-fuer-die-eisbaeren\/#respond"]}]},{"@type":"WebPage","@id":"https:\/\/eishockey-berlin.de\/eishockey\/2025\/12\/25\/gegner-auf-augenhoehe-fuer-die-eisbaeren\/","url":"https:\/\/eishockey-berlin.de\/eishockey\/2025\/12\/25\/gegner-auf-augenhoehe-fuer-die-eisbaeren\/","name":"Gegner auf Augenh\u00f6he f\u00fcr die Eisb\u00e4ren - Puckgefl\u00fcster - Berlins Eishockey Blog","isPartOf":{"@id":"https:\/\/eishockey-berlin.de\/eishockey\/#website"},"primaryImageOfPage":{"@id":"https:\/\/eishockey-berlin.de\/eishockey\/2025\/12\/25\/gegner-auf-augenhoehe-fuer-die-eisbaeren\/#primaryimage"},"image":{"@id":"https:\/\/eishockey-berlin.de\/eishockey\/2025\/12\/25\/gegner-auf-augenhoehe-fuer-die-eisbaeren\/#primaryimage"},"thumbnailUrl":"https:\/\/eishockey-berlin.de\/wp-content\/uploads\/2025\/12\/Tiffels4.jpg","datePublished":"2025-12-25T09:39:29+00:00","dateModified":"2025-12-25T09:39:31+00:00","breadcrumb":{"@id":"https:\/\/eishockey-berlin.de\/eishockey\/2025\/12\/25\/gegner-auf-augenhoehe-fuer-die-eisbaeren\/#breadcrumb"},"inLanguage":"de","potentialAction":[{"@type":"ReadAction","target":["https:\/\/eishockey-berlin.de\/eishockey\/2025\/12\/25\/gegner-auf-augenhoehe-fuer-die-eisbaeren\/"]}]},{"@type":"ImageObject","inLanguage":"de","@id":"https:\/\/eishockey-berlin.de\/eishockey\/2025\/12\/25\/gegner-auf-augenhoehe-fuer-die-eisbaeren\/#primaryimage","url":"https:\/\/eishockey-berlin.de\/wp-content\/uploads\/2025\/12\/Tiffels4.jpg","contentUrl":"https:\/\/eishockey-berlin.de\/wp-content\/uploads\/2025\/12\/Tiffels4.jpg","width":1600,"height":1067,"caption":"Frederik Tiffels von den Eisb\u008aren Berlin f\u009fhrt den Puck w\u008ahrend des Spiels zwischen den Eisb\u008aren Berlin und den K\u009alner Haien am 14.12.2025 in Berlin, Deutschland. (Foto von Marco Leipold \/ City-Press GmbH Bildagentur)"},{"@type":"BreadcrumbList","@id":"https:\/\/eishockey-berlin.de\/eishockey\/2025\/12\/25\/gegner-auf-augenhoehe-fuer-die-eisbaeren\/#breadcrumb","itemListElement":[{"@type":"ListItem","position":1,"name":"Startseite","item":"https:\/\/eishockey-berlin.de\/eishockey\/"},{"@type":"ListItem","position":2,"name":"Gegner auf Augenh\u00f6he f\u00fcr die Eisb\u00e4ren"}]},{"@type":"WebSite","@id":"https:\/\/eishockey-berlin.de\/eishockey\/#website","url":"https:\/\/eishockey-berlin.de\/eishockey\/","name":"Puckgefl\u00fcster - Berlins Eishockey Blog","description":"","publisher":{"@id":"https:\/\/eishockey-berlin.de\/eishockey\/#organization"},"potentialAction":[{"@type":"SearchAction","target":{"@type":"EntryPoint","urlTemplate":"https:\/\/eishockey-berlin.de\/eishockey\/?s={search_term_string}"},"query-input":{"@type":"PropertyValueSpecification","valueRequired":true,"valueName":"search_term_string"}}],"inLanguage":"de"},{"@type":"Organization","@id":"https:\/\/eishockey-berlin.de\/eishockey\/#organization","name":"Puckgefl\u00fcster","url":"https:\/\/eishockey-berlin.de\/eishockey\/","logo":{"@type":"ImageObject","inLanguage":"de","@id":"https:\/\/eishockey-berlin.de\/eishockey\/#\/schema\/logo\/image\/","url":"https:\/\/eishockey-berlin.de\/wp-content\/uploads\/2024\/11\/cropped-cropped-cropped-cropped-Puckgefluester-Logo-Kopf-1.png","contentUrl":"https:\/\/eishockey-berlin.de\/wp-content\/uploads\/2024\/11\/cropped-cropped-cropped-cropped-Puckgefluester-Logo-Kopf-1.png","width":512,"height":512,"caption":"Puckgefl\u00fcster"},"image":{"@id":"https:\/\/eishockey-berlin.de\/eishockey\/#\/schema\/logo\/image\/"},"sameAs":["https:\/\/www.facebook.com\/profile.php?id=100069843317955","https:\/\/x.com\/puckgefluester","https:\/\/www.instagram.com\/puckgefluester"]},{"@type":"Person","@id":"https:\/\/eishockey-berlin.de\/eishockey\/#\/schema\/person\/0dbbd30bc31ffd0e360397dfdf586f40","name":"Felix Markau","image":{"@type":"ImageObject","inLanguage":"de","@id":"https:\/\/eishockey-berlin.de\/eishockey\/#\/schema\/person\/image\/","url":"https:\/\/secure.gravatar.com\/avatar\/b652acc30a68c28f0600da91ef3a308835954e99b9674d3ab5fcd4e72931ef6f?s=96&d=mm&r=g","contentUrl":"https:\/\/secure.gravatar.com\/avatar\/b652acc30a68c28f0600da91ef3a308835954e99b9674d3ab5fcd4e72931ef6f?s=96&d=mm&r=g","caption":"Felix Markau"},"sameAs":["https:\/\/eishockey-berlin.de"],"url":"https:\/\/eishockey-berlin.de\/eishockey\/author\/felix\/"}]}},"_links":{"self":[{"href":"https:\/\/eishockey-berlin.de\/eishockey\/wp-json\/wp\/v2\/posts\/1935","targetHints":{"allow":["GET"]}}],"collection":[{"href":"https:\/\/eishockey-berlin.de\/eishockey\/wp-json\/wp\/v2\/posts"}],"about":[{"href":"https:\/\/eishockey-berlin.de\/eishockey\/wp-json\/wp\/v2\/types\/post"}],"author":[{"embeddable":true,"href":"https:\/\/eishockey-berlin.de\/eishockey\/wp-json\/wp\/v2\/users\/4"}],"replies":[{"embeddable":true,"href":"https:\/\/eishockey-berlin.de\/eishockey\/wp-json\/wp\/v2\/comments?post=1935"}],"version-history":[{"count":19,"href":"https:\/\/eishockey-berlin.de\/eishockey\/wp-json\/wp\/v2\/posts\/1935\/revisions"}],"predecessor-version":[{"id":1959,"href":"https:\/\/eishockey-berlin.de\/eishockey\/wp-json\/wp\/v2\/posts\/1935\/revisions\/1959"}],"wp:featuredmedia":[{"embeddable":true,"href":"https:\/\/eishockey-berlin.de\/eishockey\/wp-json\/wp\/v2\/media\/1936"}],"wp:attachment":[{"href":"https:\/\/eishockey-berlin.de\/eishockey\/wp-json\/wp\/v2\/media?parent=1935"}],"wp:term":[{"taxonomy":"category","embeddable":true,"href":"https:\/\/eishockey-berlin.de\/eishockey\/wp-json\/wp\/v2\/categories?post=1935"},{"taxonomy":"post_tag","embeddable":true,"href":"https:\/\/eishockey-berlin.de\/eishockey\/wp-json\/wp\/v2\/tags?post=1935"}],"curies":[{"name":"wp","href":"https:\/\/api.w.org\/{rel}","templated":true}]}}