{"id":1929,"date":"2025-12-22T05:56:45","date_gmt":"2025-12-22T04:56:45","guid":{"rendered":"https:\/\/eishockey-berlin.de\/eishockey\/?p=1929"},"modified":"2025-12-22T05:56:47","modified_gmt":"2025-12-22T04:56:47","slug":"spielbericht-eisbaeren-vs-koeln-3","status":"publish","type":"post","link":"https:\/\/eishockey-berlin.de\/eishockey\/2025\/12\/22\/spielbericht-eisbaeren-vs-koeln-3\/","title":{"rendered":"Spielbericht: Eisb\u00e4ren vs. K\u00f6ln"},"content":{"rendered":"\n<p>Die Eisb\u00e4ren erleben ein kleines D\u00e9j\u00e0-vu-Erlebnis und verlieren auch ihr zweites Adventsheimspiel gegen die K\u00f6lner Haie mit 3:4 nach Penaltyschie\u00dfen. Noch vor drei Wochen unterlagen die Eisb\u00e4ren mit exakt demselben Ergebnis. Warum der Spielverlauf dennoch Unterschiede aufwies, gilt es nun in gewohnter Form zu analysieren!<\/p>\n\n\n\n<p>Derzeit scheinen bei den Eisb\u00e4ren w\u00f6chentlich Langzeitverletzte zur\u00fcckzukehren. So feierte am vergangenen Sonntag ohne gro\u00dfe Vorank\u00fcndigung Jean-S\u00e9bastien Dea sein Comeback, an diesem Wochenende war es Korbinian Geibel, der nach \u00fcber zweimonatiger Pause wieder auf dem Eis stand. Zwar konnte auch er die in dieser Saison leider obligatorischen Unsicherheiten seiner Nebenleute nicht vollst\u00e4ndig abstellen, dennoch zeigte er eine mittlerweile gewohnt souver\u00e4ne Vorstellung \u2013 quasi so, als h\u00e4tte er nie gefehlt.<\/p>\n\n\n\n<p>Sogar am F\u00fchrungstreffer von Eric H\u00f6rdler war er beteiligt. Man merkt sofort die zur\u00fcckgewonnene Qualit\u00e4t und Stabilit\u00e4t in der Defensive! Gleichbedeutend mit seinem Comeback musste es nat\u00fcrlich auch Umstellungen in der Offensive geben. Der fast schon zum Verteidiger umgeschulte Manuel Wiederer wurde wieder in die Sturmreihen integriert. Das f\u00fchrte zu einer Umstellung aller Offensivreihen, besonders auff\u00e4llig war die Rotation von Blaine Byron in die erste Formation neben Kirk und Tiffels. Ein klares Signal von Aubin, der erneut konsequent nach Leistung aufstellte. Byron befindet sich derzeit in herausragender Form \u2013 was er auch an diesem Abend unter Beweis stellen sollte.<\/p>\n\n\n\n<p>Bedingt durch die vielen Umstellungen war kein wirklicher Spielfluss bei den Eisb\u00e4ren erkennbar. Etliche Ungenauigkeiten, Abstimmungsprobleme und Abspielfehler waren die Folge \u2013 und dennoch gelang es den Eisb\u00e4ren, fr\u00fch mit zwei Toren in F\u00fchrung zu gehen. Denn sobald man es aus der eigenen Defensivzone heraus schaffte, griffen wieder die bekannten spielerischen Automatismen. Das Spiel im gegnerischen Drittel war sehr gef\u00e4llig und verspr\u00fchte permanente Gefahr. Zudem war von der spielerischen Struktur der Haie, die ich vor drei Wochen noch zurecht gelobt hatte, nicht mehr allzu viel zu sehen. Der Anschlusstreffer fiel eher zuf\u00e4llig \u2013 und war dennoch sinnbildlich. Er erinnerte schlagartig an das von mir leider nicht beschriebene Spiel am Donnerstag in Ingolstadt.<\/p>\n\n\n\n<p>Die Eisb\u00e4ren sind derzeit einfach nicht in der Lage, eine Zwei-Tore-F\u00fchrung zu halten. Das zieht sich leider wie ein roter Faden durch die gesamte Saison \u2013 und auch durch die gestrige Partie. Denn man f\u00fchrte nicht nur einmal mit zwei Toren, sondern sogar zweimal. Okay, die erste Zwei-Tore-F\u00fchrung wurde zumindest nicht verspielt, das stimmt. F\u00fcr echte Sicherheit sorgte sie aber dennoch nicht. Besorgniserregend bleibt zudem unser Powerplay. Ich sehe das weiterhin nicht als dramatisch an, da uns zwei wichtige Spezialisten fehlen und wir auch schon mit \u00e4hnlichen Werten in der Hauptrunde Meisterschaften gefeiert haben. Dennoch macht es uns das Leben unn\u00f6tig schwer. Viel zu viele \u201eeinfache\u201c Tore l\u00e4sst man liegen, was wiederum f\u00fcr mehr Belastung und psychischen Druck bei Gleichzahl sorgt \u2013 und daraus resultieren oft diese unn\u00f6tigen Fehler.<\/p>\n\n\n\n<p>Allerdings hatten wir solche Schwankungen auch in anderen Hauptrunden unter Aubin. Einen Grund zur Panik sehe ich daher nicht. Selbst ein Start von Platz 6 in die Playoffs w\u00e4re kein Beinbruch \u2013 auf die Pre-Playoffs w\u00fcrde ich allerdings gern verzichten. Aber nun schweife ich zu sehr ab, wir sind schlie\u00dflich auch erst am 30. Spieltag! \ud83e\udd2d\ud83d\ude05<\/p>\n\n\n\n<p>Nach dem dann doch \u00fcberraschenden Powerplaytreffer und der erneuten Zwei-Tore-F\u00fchrung kann man den Eisb\u00e4ren eigentlich keinen gro\u00dfen Vorwurf machen. Man verteidigte die F\u00fchrung gr\u00f6\u00dftenteils souver\u00e4n. Der Anschlusstreffer in Unterzahl war sehr unn\u00f6tig, und der Ausgleich im Schlussabschnitt fiel aus heiterem Himmel \u2013 zuvor hatte sich eigentlich nichts Gef\u00e4hrliches vor Jonas Stettmer abgespielt. Man kann nun diskutieren, ob man st\u00e4rker auf das vierte Tor h\u00e4tte gehen m\u00fcssen. Insgesamt war es aber eine gute Mischung aus offensiven Nadelstichen und defensiver Stabilit\u00e4t.<\/p>\n\n\n\n<p>Am Ende des Tages sind die Haie in dieser Saison einfach eine Spitzenmannschaft \u2013 es war ihr elfter Sieg im 14. Spiel seit November. Die Eisb\u00e4ren m\u00fcssen sich durch die R\u00fcckkehrer erst wieder dahin entwickeln. Ich bin mir sehr sicher, dass wir dieses Spiel mit vollst\u00e4ndig eingespielten Reihen in sechs Wochen gewinnen w\u00fcrden.<\/p>\n\n\n\n<p>Bis dahin hei\u00dft es: weiter Punkte sammeln und aus solchen Spielen die richtigen Lehren ziehen. \u00dcbrigens war das auch schon immer ein typisches Ph\u00e4nomen unter Aubin \u2013 dass wir lange gegen Topteams Probleme hatten und dann in der entscheidenden Phase L\u00f6sungen gefunden haben. In diesem Sinne bleiben wir entspannt und hoffen, dass wir den Mannheimern morgen ein wenig das Fest vermiesen k\u00f6nnen! \ud83e\udd2d Bis morgen Abend!<\/p>\n\n\n\n<p>\ud83d\udcf8: City-press GmbH<\/p>\n","protected":false},"excerpt":{"rendered":"<p>Die Eisb\u00e4ren erleben ein kleines D\u00e9j\u00e0-vu-Erlebnis und verlieren auch ihr zweites Adventsheimspiel gegen die K\u00f6lner Haie mit 3:4 nach Penaltyschie\u00dfen.<\/p>\n","protected":false},"author":3,"featured_media":1930,"comment_status":"open","ping_status":"open","sticky":false,"template":"","format":"standard","meta":{"colormag_page_layout":"default_layout","footnotes":""},"categories":[5],"tags":[14,54,12],"class_list":["post-1929","post","type-post","status-publish","format-standard","has-post-thumbnail","hentry","category-spielberichte","tag-eisbaeren-berlin","tag-koelner-haie","tag-spielbericht"],"yoast_head":"<!-- This site is optimized with the Yoast SEO plugin v25.9 - https:\/\/yoast.com\/wordpress\/plugins\/seo\/ -->\n<title>Spielbericht: Eisb\u00e4ren vs. K\u00f6ln - Puckgefl\u00fcster - Berlins Eishockey Blog<\/title>\n<meta name=\"robots\" content=\"index, follow, max-snippet:-1, max-image-preview:large, max-video-preview:-1\" \/>\n<link rel=\"canonical\" href=\"https:\/\/eishockey-berlin.de\/eishockey\/2025\/12\/22\/spielbericht-eisbaeren-vs-koeln-3\/\" \/>\n<meta property=\"og:locale\" content=\"de_DE\" \/>\n<meta property=\"og:type\" content=\"article\" \/>\n<meta property=\"og:title\" content=\"Spielbericht: Eisb\u00e4ren vs. K\u00f6ln - Puckgefl\u00fcster - Berlins Eishockey Blog\" \/>\n<meta property=\"og:description\" content=\"Die Eisb\u00e4ren erleben ein kleines D\u00e9j\u00e0-vu-Erlebnis und verlieren auch ihr zweites Adventsheimspiel gegen die K\u00f6lner Haie mit 3:4 nach Penaltyschie\u00dfen.\" \/>\n<meta property=\"og:url\" content=\"https:\/\/eishockey-berlin.de\/eishockey\/2025\/12\/22\/spielbericht-eisbaeren-vs-koeln-3\/\" \/>\n<meta property=\"og:site_name\" content=\"Puckgefl\u00fcster - Berlins Eishockey Blog\" \/>\n<meta property=\"article:publisher\" content=\"https:\/\/www.facebook.com\/profile.php?id=100069843317955\" \/>\n<meta property=\"article:published_time\" content=\"2025-12-22T04:56:45+00:00\" \/>\n<meta property=\"article:modified_time\" content=\"2025-12-22T04:56:47+00:00\" \/>\n<meta property=\"og:image\" content=\"https:\/\/eishockey-berlin.de\/wp-content\/uploads\/2025\/12\/cp-SP30-EBB-KEC25-353k.jpg\" \/>\n\t<meta property=\"og:image:width\" content=\"1920\" \/>\n\t<meta property=\"og:image:height\" content=\"1280\" \/>\n\t<meta property=\"og:image:type\" content=\"image\/jpeg\" \/>\n<meta name=\"author\" content=\"Alexander Bolte\" \/>\n<meta name=\"twitter:card\" content=\"summary_large_image\" \/>\n<meta name=\"twitter:creator\" content=\"@puckgefluester\" \/>\n<meta name=\"twitter:site\" content=\"@puckgefluester\" \/>\n<meta name=\"twitter:label1\" content=\"Verfasst von\" \/>\n\t<meta name=\"twitter:data1\" content=\"Alexander Bolte\" \/>\n\t<meta name=\"twitter:label2\" content=\"Gesch\u00e4tzte Lesezeit\" \/>\n\t<meta name=\"twitter:data2\" content=\"5\u00a0Minuten\" \/>\n<script type=\"application\/ld+json\" class=\"yoast-schema-graph\">{\"@context\":\"https:\/\/schema.org\",\"@graph\":[{\"@type\":\"Article\",\"@id\":\"https:\/\/eishockey-berlin.de\/eishockey\/2025\/12\/22\/spielbericht-eisbaeren-vs-koeln-3\/#article\",\"isPartOf\":{\"@id\":\"https:\/\/eishockey-berlin.de\/eishockey\/2025\/12\/22\/spielbericht-eisbaeren-vs-koeln-3\/\"},\"author\":{\"name\":\"Alexander Bolte\",\"@id\":\"https:\/\/eishockey-berlin.de\/eishockey\/#\/schema\/person\/16e17fa7edeb5acbc067925980c3793c\"},\"headline\":\"Spielbericht: Eisb\u00e4ren vs. K\u00f6ln\",\"datePublished\":\"2025-12-22T04:56:45+00:00\",\"dateModified\":\"2025-12-22T04:56:47+00:00\",\"mainEntityOfPage\":{\"@id\":\"https:\/\/eishockey-berlin.de\/eishockey\/2025\/12\/22\/spielbericht-eisbaeren-vs-koeln-3\/\"},\"wordCount\":763,\"commentCount\":0,\"publisher\":{\"@id\":\"https:\/\/eishockey-berlin.de\/eishockey\/#organization\"},\"image\":{\"@id\":\"https:\/\/eishockey-berlin.de\/eishockey\/2025\/12\/22\/spielbericht-eisbaeren-vs-koeln-3\/#primaryimage\"},\"thumbnailUrl\":\"https:\/\/eishockey-berlin.de\/wp-content\/uploads\/2025\/12\/cp-SP30-EBB-KEC25-353k.jpg\",\"keywords\":[\"Eisb\u00e4ren Berlin\",\"K\u00f6lner Haie\",\"Spielbericht\"],\"articleSection\":[\"Spielberichte\"],\"inLanguage\":\"de\",\"potentialAction\":[{\"@type\":\"CommentAction\",\"name\":\"Comment\",\"target\":[\"https:\/\/eishockey-berlin.de\/eishockey\/2025\/12\/22\/spielbericht-eisbaeren-vs-koeln-3\/#respond\"]}]},{\"@type\":\"WebPage\",\"@id\":\"https:\/\/eishockey-berlin.de\/eishockey\/2025\/12\/22\/spielbericht-eisbaeren-vs-koeln-3\/\",\"url\":\"https:\/\/eishockey-berlin.de\/eishockey\/2025\/12\/22\/spielbericht-eisbaeren-vs-koeln-3\/\",\"name\":\"Spielbericht: Eisb\u00e4ren vs. K\u00f6ln - Puckgefl\u00fcster - Berlins Eishockey Blog\",\"isPartOf\":{\"@id\":\"https:\/\/eishockey-berlin.de\/eishockey\/#website\"},\"primaryImageOfPage\":{\"@id\":\"https:\/\/eishockey-berlin.de\/eishockey\/2025\/12\/22\/spielbericht-eisbaeren-vs-koeln-3\/#primaryimage\"},\"image\":{\"@id\":\"https:\/\/eishockey-berlin.de\/eishockey\/2025\/12\/22\/spielbericht-eisbaeren-vs-koeln-3\/#primaryimage\"},\"thumbnailUrl\":\"https:\/\/eishockey-berlin.de\/wp-content\/uploads\/2025\/12\/cp-SP30-EBB-KEC25-353k.jpg\",\"datePublished\":\"2025-12-22T04:56:45+00:00\",\"dateModified\":\"2025-12-22T04:56:47+00:00\",\"breadcrumb\":{\"@id\":\"https:\/\/eishockey-berlin.de\/eishockey\/2025\/12\/22\/spielbericht-eisbaeren-vs-koeln-3\/#breadcrumb\"},\"inLanguage\":\"de\",\"potentialAction\":[{\"@type\":\"ReadAction\",\"target\":[\"https:\/\/eishockey-berlin.de\/eishockey\/2025\/12\/22\/spielbericht-eisbaeren-vs-koeln-3\/\"]}]},{\"@type\":\"ImageObject\",\"inLanguage\":\"de\",\"@id\":\"https:\/\/eishockey-berlin.de\/eishockey\/2025\/12\/22\/spielbericht-eisbaeren-vs-koeln-3\/#primaryimage\",\"url\":\"https:\/\/eishockey-berlin.de\/wp-content\/uploads\/2025\/12\/cp-SP30-EBB-KEC25-353k.jpg\",\"contentUrl\":\"https:\/\/eishockey-berlin.de\/wp-content\/uploads\/2025\/12\/cp-SP30-EBB-KEC25-353k.jpg\",\"width\":1920,\"height\":1280},{\"@type\":\"BreadcrumbList\",\"@id\":\"https:\/\/eishockey-berlin.de\/eishockey\/2025\/12\/22\/spielbericht-eisbaeren-vs-koeln-3\/#breadcrumb\",\"itemListElement\":[{\"@type\":\"ListItem\",\"position\":1,\"name\":\"Startseite\",\"item\":\"https:\/\/eishockey-berlin.de\/eishockey\/\"},{\"@type\":\"ListItem\",\"position\":2,\"name\":\"Spielbericht: Eisb\u00e4ren vs. K\u00f6ln\"}]},{\"@type\":\"WebSite\",\"@id\":\"https:\/\/eishockey-berlin.de\/eishockey\/#website\",\"url\":\"https:\/\/eishockey-berlin.de\/eishockey\/\",\"name\":\"Puckgefl\u00fcster - Berlins Eishockey Blog\",\"description\":\"\",\"publisher\":{\"@id\":\"https:\/\/eishockey-berlin.de\/eishockey\/#organization\"},\"potentialAction\":[{\"@type\":\"SearchAction\",\"target\":{\"@type\":\"EntryPoint\",\"urlTemplate\":\"https:\/\/eishockey-berlin.de\/eishockey\/?s={search_term_string}\"},\"query-input\":{\"@type\":\"PropertyValueSpecification\",\"valueRequired\":true,\"valueName\":\"search_term_string\"}}],\"inLanguage\":\"de\"},{\"@type\":\"Organization\",\"@id\":\"https:\/\/eishockey-berlin.de\/eishockey\/#organization\",\"name\":\"Puckgefl\u00fcster\",\"url\":\"https:\/\/eishockey-berlin.de\/eishockey\/\",\"logo\":{\"@type\":\"ImageObject\",\"inLanguage\":\"de\",\"@id\":\"https:\/\/eishockey-berlin.de\/eishockey\/#\/schema\/logo\/image\/\",\"url\":\"https:\/\/eishockey-berlin.de\/wp-content\/uploads\/2024\/11\/cropped-cropped-cropped-cropped-Puckgefluester-Logo-Kopf-1.png\",\"contentUrl\":\"https:\/\/eishockey-berlin.de\/wp-content\/uploads\/2024\/11\/cropped-cropped-cropped-cropped-Puckgefluester-Logo-Kopf-1.png\",\"width\":512,\"height\":512,\"caption\":\"Puckgefl\u00fcster\"},\"image\":{\"@id\":\"https:\/\/eishockey-berlin.de\/eishockey\/#\/schema\/logo\/image\/\"},\"sameAs\":[\"https:\/\/www.facebook.com\/profile.php?id=100069843317955\",\"https:\/\/x.com\/puckgefluester\",\"https:\/\/www.instagram.com\/puckgefluester\"]},{\"@type\":\"Person\",\"@id\":\"https:\/\/eishockey-berlin.de\/eishockey\/#\/schema\/person\/16e17fa7edeb5acbc067925980c3793c\",\"name\":\"Alexander Bolte\",\"image\":{\"@type\":\"ImageObject\",\"inLanguage\":\"de\",\"@id\":\"https:\/\/eishockey-berlin.de\/eishockey\/#\/schema\/person\/image\/\",\"url\":\"https:\/\/secure.gravatar.com\/avatar\/9c79f103a3a8c088b6aff4c5efc30a64af85fc86282f8d26fd90586acea1f50d?s=96&d=mm&r=g\",\"contentUrl\":\"https:\/\/secure.gravatar.com\/avatar\/9c79f103a3a8c088b6aff4c5efc30a64af85fc86282f8d26fd90586acea1f50d?s=96&d=mm&r=g\",\"caption\":\"Alexander Bolte\"},\"url\":\"https:\/\/eishockey-berlin.de\/eishockey\/author\/alex\/\"}]}<\/script>\n<!-- \/ Yoast SEO plugin. -->","yoast_head_json":{"title":"Spielbericht: Eisb\u00e4ren vs. K\u00f6ln - Puckgefl\u00fcster - Berlins Eishockey Blog","robots":{"index":"index","follow":"follow","max-snippet":"max-snippet:-1","max-image-preview":"max-image-preview:large","max-video-preview":"max-video-preview:-1"},"canonical":"https:\/\/eishockey-berlin.de\/eishockey\/2025\/12\/22\/spielbericht-eisbaeren-vs-koeln-3\/","og_locale":"de_DE","og_type":"article","og_title":"Spielbericht: Eisb\u00e4ren vs. K\u00f6ln - Puckgefl\u00fcster - Berlins Eishockey Blog","og_description":"Die Eisb\u00e4ren erleben ein kleines D\u00e9j\u00e0-vu-Erlebnis und verlieren auch ihr zweites Adventsheimspiel gegen die K\u00f6lner Haie mit 3:4 nach Penaltyschie\u00dfen.","og_url":"https:\/\/eishockey-berlin.de\/eishockey\/2025\/12\/22\/spielbericht-eisbaeren-vs-koeln-3\/","og_site_name":"Puckgefl\u00fcster - Berlins Eishockey Blog","article_publisher":"https:\/\/www.facebook.com\/profile.php?id=100069843317955","article_published_time":"2025-12-22T04:56:45+00:00","article_modified_time":"2025-12-22T04:56:47+00:00","og_image":[{"width":1920,"height":1280,"url":"https:\/\/eishockey-berlin.de\/wp-content\/uploads\/2025\/12\/cp-SP30-EBB-KEC25-353k.jpg","type":"image\/jpeg"}],"author":"Alexander Bolte","twitter_card":"summary_large_image","twitter_creator":"@puckgefluester","twitter_site":"@puckgefluester","twitter_misc":{"Verfasst von":"Alexander Bolte","Gesch\u00e4tzte Lesezeit":"5\u00a0Minuten"},"schema":{"@context":"https:\/\/schema.org","@graph":[{"@type":"Article","@id":"https:\/\/eishockey-berlin.de\/eishockey\/2025\/12\/22\/spielbericht-eisbaeren-vs-koeln-3\/#article","isPartOf":{"@id":"https:\/\/eishockey-berlin.de\/eishockey\/2025\/12\/22\/spielbericht-eisbaeren-vs-koeln-3\/"},"author":{"name":"Alexander Bolte","@id":"https:\/\/eishockey-berlin.de\/eishockey\/#\/schema\/person\/16e17fa7edeb5acbc067925980c3793c"},"headline":"Spielbericht: Eisb\u00e4ren vs. K\u00f6ln","datePublished":"2025-12-22T04:56:45+00:00","dateModified":"2025-12-22T04:56:47+00:00","mainEntityOfPage":{"@id":"https:\/\/eishockey-berlin.de\/eishockey\/2025\/12\/22\/spielbericht-eisbaeren-vs-koeln-3\/"},"wordCount":763,"commentCount":0,"publisher":{"@id":"https:\/\/eishockey-berlin.de\/eishockey\/#organization"},"image":{"@id":"https:\/\/eishockey-berlin.de\/eishockey\/2025\/12\/22\/spielbericht-eisbaeren-vs-koeln-3\/#primaryimage"},"thumbnailUrl":"https:\/\/eishockey-berlin.de\/wp-content\/uploads\/2025\/12\/cp-SP30-EBB-KEC25-353k.jpg","keywords":["Eisb\u00e4ren Berlin","K\u00f6lner Haie","Spielbericht"],"articleSection":["Spielberichte"],"inLanguage":"de","potentialAction":[{"@type":"CommentAction","name":"Comment","target":["https:\/\/eishockey-berlin.de\/eishockey\/2025\/12\/22\/spielbericht-eisbaeren-vs-koeln-3\/#respond"]}]},{"@type":"WebPage","@id":"https:\/\/eishockey-berlin.de\/eishockey\/2025\/12\/22\/spielbericht-eisbaeren-vs-koeln-3\/","url":"https:\/\/eishockey-berlin.de\/eishockey\/2025\/12\/22\/spielbericht-eisbaeren-vs-koeln-3\/","name":"Spielbericht: Eisb\u00e4ren vs. K\u00f6ln - Puckgefl\u00fcster - Berlins Eishockey Blog","isPartOf":{"@id":"https:\/\/eishockey-berlin.de\/eishockey\/#website"},"primaryImageOfPage":{"@id":"https:\/\/eishockey-berlin.de\/eishockey\/2025\/12\/22\/spielbericht-eisbaeren-vs-koeln-3\/#primaryimage"},"image":{"@id":"https:\/\/eishockey-berlin.de\/eishockey\/2025\/12\/22\/spielbericht-eisbaeren-vs-koeln-3\/#primaryimage"},"thumbnailUrl":"https:\/\/eishockey-berlin.de\/wp-content\/uploads\/2025\/12\/cp-SP30-EBB-KEC25-353k.jpg","datePublished":"2025-12-22T04:56:45+00:00","dateModified":"2025-12-22T04:56:47+00:00","breadcrumb":{"@id":"https:\/\/eishockey-berlin.de\/eishockey\/2025\/12\/22\/spielbericht-eisbaeren-vs-koeln-3\/#breadcrumb"},"inLanguage":"de","potentialAction":[{"@type":"ReadAction","target":["https:\/\/eishockey-berlin.de\/eishockey\/2025\/12\/22\/spielbericht-eisbaeren-vs-koeln-3\/"]}]},{"@type":"ImageObject","inLanguage":"de","@id":"https:\/\/eishockey-berlin.de\/eishockey\/2025\/12\/22\/spielbericht-eisbaeren-vs-koeln-3\/#primaryimage","url":"https:\/\/eishockey-berlin.de\/wp-content\/uploads\/2025\/12\/cp-SP30-EBB-KEC25-353k.jpg","contentUrl":"https:\/\/eishockey-berlin.de\/wp-content\/uploads\/2025\/12\/cp-SP30-EBB-KEC25-353k.jpg","width":1920,"height":1280},{"@type":"BreadcrumbList","@id":"https:\/\/eishockey-berlin.de\/eishockey\/2025\/12\/22\/spielbericht-eisbaeren-vs-koeln-3\/#breadcrumb","itemListElement":[{"@type":"ListItem","position":1,"name":"Startseite","item":"https:\/\/eishockey-berlin.de\/eishockey\/"},{"@type":"ListItem","position":2,"name":"Spielbericht: Eisb\u00e4ren vs. K\u00f6ln"}]},{"@type":"WebSite","@id":"https:\/\/eishockey-berlin.de\/eishockey\/#website","url":"https:\/\/eishockey-berlin.de\/eishockey\/","name":"Puckgefl\u00fcster - Berlins Eishockey Blog","description":"","publisher":{"@id":"https:\/\/eishockey-berlin.de\/eishockey\/#organization"},"potentialAction":[{"@type":"SearchAction","target":{"@type":"EntryPoint","urlTemplate":"https:\/\/eishockey-berlin.de\/eishockey\/?s={search_term_string}"},"query-input":{"@type":"PropertyValueSpecification","valueRequired":true,"valueName":"search_term_string"}}],"inLanguage":"de"},{"@type":"Organization","@id":"https:\/\/eishockey-berlin.de\/eishockey\/#organization","name":"Puckgefl\u00fcster","url":"https:\/\/eishockey-berlin.de\/eishockey\/","logo":{"@type":"ImageObject","inLanguage":"de","@id":"https:\/\/eishockey-berlin.de\/eishockey\/#\/schema\/logo\/image\/","url":"https:\/\/eishockey-berlin.de\/wp-content\/uploads\/2024\/11\/cropped-cropped-cropped-cropped-Puckgefluester-Logo-Kopf-1.png","contentUrl":"https:\/\/eishockey-berlin.de\/wp-content\/uploads\/2024\/11\/cropped-cropped-cropped-cropped-Puckgefluester-Logo-Kopf-1.png","width":512,"height":512,"caption":"Puckgefl\u00fcster"},"image":{"@id":"https:\/\/eishockey-berlin.de\/eishockey\/#\/schema\/logo\/image\/"},"sameAs":["https:\/\/www.facebook.com\/profile.php?id=100069843317955","https:\/\/x.com\/puckgefluester","https:\/\/www.instagram.com\/puckgefluester"]},{"@type":"Person","@id":"https:\/\/eishockey-berlin.de\/eishockey\/#\/schema\/person\/16e17fa7edeb5acbc067925980c3793c","name":"Alexander Bolte","image":{"@type":"ImageObject","inLanguage":"de","@id":"https:\/\/eishockey-berlin.de\/eishockey\/#\/schema\/person\/image\/","url":"https:\/\/secure.gravatar.com\/avatar\/9c79f103a3a8c088b6aff4c5efc30a64af85fc86282f8d26fd90586acea1f50d?s=96&d=mm&r=g","contentUrl":"https:\/\/secure.gravatar.com\/avatar\/9c79f103a3a8c088b6aff4c5efc30a64af85fc86282f8d26fd90586acea1f50d?s=96&d=mm&r=g","caption":"Alexander Bolte"},"url":"https:\/\/eishockey-berlin.de\/eishockey\/author\/alex\/"}]}},"_links":{"self":[{"href":"https:\/\/eishockey-berlin.de\/eishockey\/wp-json\/wp\/v2\/posts\/1929","targetHints":{"allow":["GET"]}}],"collection":[{"href":"https:\/\/eishockey-berlin.de\/eishockey\/wp-json\/wp\/v2\/posts"}],"about":[{"href":"https:\/\/eishockey-berlin.de\/eishockey\/wp-json\/wp\/v2\/types\/post"}],"author":[{"embeddable":true,"href":"https:\/\/eishockey-berlin.de\/eishockey\/wp-json\/wp\/v2\/users\/3"}],"replies":[{"embeddable":true,"href":"https:\/\/eishockey-berlin.de\/eishockey\/wp-json\/wp\/v2\/comments?post=1929"}],"version-history":[{"count":1,"href":"https:\/\/eishockey-berlin.de\/eishockey\/wp-json\/wp\/v2\/posts\/1929\/revisions"}],"predecessor-version":[{"id":1931,"href":"https:\/\/eishockey-berlin.de\/eishockey\/wp-json\/wp\/v2\/posts\/1929\/revisions\/1931"}],"wp:featuredmedia":[{"embeddable":true,"href":"https:\/\/eishockey-berlin.de\/eishockey\/wp-json\/wp\/v2\/media\/1930"}],"wp:attachment":[{"href":"https:\/\/eishockey-berlin.de\/eishockey\/wp-json\/wp\/v2\/media?parent=1929"}],"wp:term":[{"taxonomy":"category","embeddable":true,"href":"https:\/\/eishockey-berlin.de\/eishockey\/wp-json\/wp\/v2\/categories?post=1929"},{"taxonomy":"post_tag","embeddable":true,"href":"https:\/\/eishockey-berlin.de\/eishockey\/wp-json\/wp\/v2\/tags?post=1929"}],"curies":[{"name":"wp","href":"https:\/\/api.w.org\/{rel}","templated":true}]}}