{"id":1733,"date":"2025-10-27T19:53:00","date_gmt":"2025-10-27T18:53:00","guid":{"rendered":"https:\/\/eishockey-berlin.de\/eishockey\/?p=1733"},"modified":"2025-10-27T19:53:01","modified_gmt":"2025-10-27T18:53:01","slug":"eisbaeren-vor-dem-klassiker-gegen-mannheim","status":"publish","type":"post","link":"https:\/\/eishockey-berlin.de\/eishockey\/2025\/10\/27\/eisbaeren-vor-dem-klassiker-gegen-mannheim\/","title":{"rendered":"Eisb\u00e4ren vor dem Klassiker gegen Mannheim"},"content":{"rendered":"\n<p><strong>Die aktuelle Lage bei den Eisb\u00e4ren<\/strong><\/p>\n\n\n\n<p>Die Eisb\u00e4ren konnten in den letzten zwei Spielen nur einen Punkt einfahren. In M\u00fcnchen verlor man trotz guter Leistung ungl\u00fccklich mit 2:3, gegen Augsburg nach einigen Hochs und Tiefs w\u00e4hrend der Begegnung am Ende nicht unverdient mit 3:4 nach Verl\u00e4ngerung. In der Tabelle liegen die Berliner derzeit auf Platz sechs. Nicht wenige Spieler sehnen sicherlich bereits die L\u00e4nderspielpause herbei, die nach den kommenden drei Spielen folgen wird. Zu gro\u00df war der Kr\u00e4fteverschlei\u00df von Ronning, Pf\u00f6derl und Co. in den letzten Wochen. Der eine oder andere Leistungstr\u00e4ger wirkt derzeit etwas \u00fcberspielt. Die letzte Frische fehlt, vor allem im letzten Drittel. Das best\u00e4tigte auch Trainer Serge Aubin auf der PK nach dem Spiel gegen erfrischend auftretende Augsburger Panther, die gegen die Eisb\u00e4ren ihren siebten Sieg in Folge einfuhren konnten. Die beiden Neuzug\u00e4nge der Eisb\u00e4ren, Verteidiger <strong>Les Lancaster (30) <\/strong>und St\u00fcrmer <strong>Jean<\/strong>&#8211;<strong>Sebastien Dea (31)<\/strong>, feierten unterdessen einen gelungenen Einstand. Dea traf gegen Augsburg sogar zur fr\u00fchen F\u00fchrung der Eisb\u00e4ren. An diesem Mittwoch wird es in der Uber Arena dann sicher sehr laut werden. Die Adler Mannheim, der Erzrivale aus der Kurpfalz, werden ihre Visitenkarte abgeben. Wir d\u00fcrfen gespannt sein, ob die Eisb\u00e4ren dann wieder in die Erfolgsspur zur\u00fcckkehren werden.<\/p>\n\n\n\n<figure class=\"wp-block-image size-full\"><img loading=\"lazy\" decoding=\"async\" width=\"1600\" height=\"1066\" src=\"https:\/\/eishockey-berlin.de\/wp-content\/uploads\/2025\/10\/Dea.jpg\" alt=\"\" class=\"wp-image-1735\" srcset=\"https:\/\/eishockey-berlin.de\/wp-content\/uploads\/2025\/10\/Dea.jpg 1600w, https:\/\/eishockey-berlin.de\/wp-content\/uploads\/2025\/10\/Dea-768x512.jpg 768w, https:\/\/eishockey-berlin.de\/wp-content\/uploads\/2025\/10\/Dea-1536x1023.jpg 1536w\" sizes=\"auto, (max-width: 1600px) 100vw, 1600px\" \/><figcaption class=\"wp-element-caption\">Der neue Eisb\u00e4ren-St\u00fcrmer Jean-Sebastien Dea feiert sein Tor zum 1:0 gegen die Augsburger Panther. (Foto von Marco Leipold \/ City-Press GmbH Bildagentur)<\/figcaption><\/figure>\n\n\n\n<p><strong>Der Gegner am Mittwoch: Adler Mannheim<\/strong><\/p>\n\n\n\n<p>Die Mannheimer sind grandios in die Saison gestartet und liegen mit 33 Punkten, bei elf Siegen und drei Niederlagen, punktgleich mit den Straubing Tigers auf Platz eins. Auch wenn der Adler-Motor zuletzt nicht mehr ganz so rund lief wie noch zu Saisonbeginn (am Sonntag gab es ein 2:5 in Ingolstadt), so sind die Kurpf\u00e4lzer bisher das Ma\u00df der Dinge in der DEL. Trainer und Sportdirektor <strong>Dallas Eakins <\/strong>verfolgt weiter strikt seinen Plan, an die DEL-Spitze zur\u00fcckzukehren. Und bisher muss man eindeutig feststellen, dass dieser Plan mehr als aufgegangen ist. Im Tor steht <strong>Maxi Franzreb<\/strong>, der aus Bremerhaven kam, wie eine Wand. Mit nur 28 Gegentoren verf\u00fcgen die Mannheimer \u00fcber die beste Abwehr der Liga. Zudem weisen sie mit 53 erzielten Toren auch den besten Angriff auf. Der Kader der Adler ist sehr ausgeglichen besetzt. In jedem Spiel \u00fcberzeugt eine andere Reihe. Alle tragen zum Teamerfolg bei. Sieben Spieler (Michaelis, Mattinen, Sch\u00fctz, Greco, Plachta, Reichel, Gawanke) haben bereits zweistellig gepunktet. Auch junge Spieler wie Ex-Eisb\u00e4r Maxi Heim oder auch Yannick Proske haben einen gro\u00dfen Schritt nach vorn gemacht. Ganz zu schweigen von Mega-Talent Max Penkin (16), der beim 7:1 gegen die Eisb\u00e4ren sein erstes DEL-Tor erzielen konnte.  Auff\u00e4llig ist auch, dass in dieser Saison deutlich mehr Tempo im Adler-Spiel steckt. Starke Neuzug\u00e4nge wie Top-Verteidiger <strong>Nicolas Mattinen <\/strong>oder die St\u00fcrmer <strong>Justin Sch\u00fctz<\/strong>, <strong>Anthony Greco <\/strong>und <strong>Zach Solow <\/strong>heben die Offensivproduktion der Mannheimer auf eine neue Stufe. Es macht den Anschein, als greife nach vielen Jahren des Misserfolgs (Mannheim wurde zuletzt im Jahre 2019 Deutscher Meister) nun endlich ein R\u00e4dchen ins andere.<\/p>\n\n\n\n<p>Berliner wie Mannheimer Fans fiebern diesem Aufeinandertreffen wie gewohnt entgegen. Hoffentlich beschr\u00e4nken sich die Akteure auf dem Eis auf ihre sportlichen Qualit\u00e4ten. Den Kniecheck von Kris Bennett gegen Ty Ronning und den \u00fcblen Check von Yannick Veilleux gegen Luke Esposito, der inzwischen wieder spielen kann, werden viele noch vor Augen haben. Wir setzen am Mittwoch darauf, dass die Eisb\u00e4ren nach der 1:7-Klatsche in Mannheim zu Saisonbeginn hei\u00df auf Revanche sein werden und tippen auf einen 4:3-Heimsieg der Berliner.<\/p>\n\n\n\n<figure class=\"wp-block-image size-full\"><img loading=\"lazy\" decoding=\"async\" width=\"640\" height=\"960\" src=\"https:\/\/eishockey-berlin.de\/wp-content\/uploads\/2025\/10\/Michaelis.jpg\" alt=\"\" class=\"wp-image-1737\"\/><figcaption class=\"wp-element-caption\">Marc Michaelis ist mit 16 Punkten (2 Tore, 14 Vorlagen) der Topscorer der Adler Mannheim. (Foto von Marco Leipold \/ City-Press GmbH Bildagentur)<\/figcaption><\/figure>\n","protected":false},"excerpt":{"rendered":"<p>Die aktuelle Lage bei den Eisb\u00e4ren Die Eisb\u00e4ren konnten in den letzten zwei Spielen nur einen Punkt einfahren. In M\u00fcnchen<\/p>\n","protected":false},"author":4,"featured_media":1734,"comment_status":"open","ping_status":"open","sticky":false,"template":"","format":"standard","meta":{"colormag_page_layout":"default_layout","footnotes":""},"categories":[1,6],"tags":[35,14,124],"class_list":["post-1733","post","type-post","status-publish","format-standard","has-post-thumbnail","hentry","category-allgemein","category-vorberichte","tag-adler-mannheim","tag-eisbaeren-berlin","tag-yannick-veilleux"],"yoast_head":"<!-- This site is optimized with the Yoast SEO plugin v25.9 - https:\/\/yoast.com\/wordpress\/plugins\/seo\/ -->\n<title>Eisb\u00e4ren vor dem Klassiker gegen Mannheim - Puckgefl\u00fcster - Berlins Eishockey Blog<\/title>\n<meta name=\"robots\" content=\"index, follow, max-snippet:-1, max-image-preview:large, max-video-preview:-1\" \/>\n<link rel=\"canonical\" href=\"https:\/\/eishockey-berlin.de\/eishockey\/2025\/10\/27\/eisbaeren-vor-dem-klassiker-gegen-mannheim\/\" \/>\n<meta property=\"og:locale\" content=\"de_DE\" \/>\n<meta property=\"og:type\" content=\"article\" \/>\n<meta property=\"og:title\" content=\"Eisb\u00e4ren vor dem Klassiker gegen Mannheim - Puckgefl\u00fcster - Berlins Eishockey Blog\" \/>\n<meta property=\"og:description\" content=\"Die aktuelle Lage bei den Eisb\u00e4ren Die Eisb\u00e4ren konnten in den letzten zwei Spielen nur einen Punkt einfahren. In M\u00fcnchen\" \/>\n<meta property=\"og:url\" content=\"https:\/\/eishockey-berlin.de\/eishockey\/2025\/10\/27\/eisbaeren-vor-dem-klassiker-gegen-mannheim\/\" \/>\n<meta property=\"og:site_name\" content=\"Puckgefl\u00fcster - Berlins Eishockey Blog\" \/>\n<meta property=\"article:publisher\" content=\"https:\/\/www.facebook.com\/profile.php?id=100069843317955\" \/>\n<meta property=\"article:published_time\" content=\"2025-10-27T18:53:00+00:00\" \/>\n<meta property=\"article:modified_time\" content=\"2025-10-27T18:53:01+00:00\" \/>\n<meta property=\"og:image\" content=\"https:\/\/eishockey-berlin.de\/wp-content\/uploads\/2025\/10\/Veilleux1.jpg\" \/>\n\t<meta property=\"og:image:width\" content=\"1600\" \/>\n\t<meta property=\"og:image:height\" content=\"1066\" \/>\n\t<meta property=\"og:image:type\" content=\"image\/jpeg\" \/>\n<meta name=\"author\" content=\"Felix Markau\" \/>\n<meta name=\"twitter:card\" content=\"summary_large_image\" \/>\n<meta name=\"twitter:creator\" content=\"@puckgefluester\" \/>\n<meta name=\"twitter:site\" content=\"@puckgefluester\" \/>\n<meta name=\"twitter:label1\" content=\"Verfasst von\" \/>\n\t<meta name=\"twitter:data1\" content=\"Felix Markau\" \/>\n\t<meta name=\"twitter:label2\" content=\"Gesch\u00e4tzte Lesezeit\" \/>\n\t<meta name=\"twitter:data2\" content=\"4\u00a0Minuten\" \/>\n<script type=\"application\/ld+json\" class=\"yoast-schema-graph\">{\"@context\":\"https:\/\/schema.org\",\"@graph\":[{\"@type\":\"Article\",\"@id\":\"https:\/\/eishockey-berlin.de\/eishockey\/2025\/10\/27\/eisbaeren-vor-dem-klassiker-gegen-mannheim\/#article\",\"isPartOf\":{\"@id\":\"https:\/\/eishockey-berlin.de\/eishockey\/2025\/10\/27\/eisbaeren-vor-dem-klassiker-gegen-mannheim\/\"},\"author\":{\"name\":\"Felix Markau\",\"@id\":\"https:\/\/eishockey-berlin.de\/eishockey\/#\/schema\/person\/0dbbd30bc31ffd0e360397dfdf586f40\"},\"headline\":\"Eisb\u00e4ren vor dem Klassiker gegen Mannheim\",\"datePublished\":\"2025-10-27T18:53:00+00:00\",\"dateModified\":\"2025-10-27T18:53:01+00:00\",\"mainEntityOfPage\":{\"@id\":\"https:\/\/eishockey-berlin.de\/eishockey\/2025\/10\/27\/eisbaeren-vor-dem-klassiker-gegen-mannheim\/\"},\"wordCount\":618,\"commentCount\":0,\"publisher\":{\"@id\":\"https:\/\/eishockey-berlin.de\/eishockey\/#organization\"},\"image\":{\"@id\":\"https:\/\/eishockey-berlin.de\/eishockey\/2025\/10\/27\/eisbaeren-vor-dem-klassiker-gegen-mannheim\/#primaryimage\"},\"thumbnailUrl\":\"https:\/\/eishockey-berlin.de\/wp-content\/uploads\/2025\/10\/Veilleux1.jpg\",\"keywords\":[\"Adler Mannheim\",\"Eisb\u00e4ren Berlin\",\"Yannick Veilleux\"],\"articleSection\":{\"1\":\"Vorberichte\"},\"inLanguage\":\"de\",\"potentialAction\":[{\"@type\":\"CommentAction\",\"name\":\"Comment\",\"target\":[\"https:\/\/eishockey-berlin.de\/eishockey\/2025\/10\/27\/eisbaeren-vor-dem-klassiker-gegen-mannheim\/#respond\"]}]},{\"@type\":\"WebPage\",\"@id\":\"https:\/\/eishockey-berlin.de\/eishockey\/2025\/10\/27\/eisbaeren-vor-dem-klassiker-gegen-mannheim\/\",\"url\":\"https:\/\/eishockey-berlin.de\/eishockey\/2025\/10\/27\/eisbaeren-vor-dem-klassiker-gegen-mannheim\/\",\"name\":\"Eisb\u00e4ren vor dem Klassiker gegen Mannheim - Puckgefl\u00fcster - Berlins Eishockey Blog\",\"isPartOf\":{\"@id\":\"https:\/\/eishockey-berlin.de\/eishockey\/#website\"},\"primaryImageOfPage\":{\"@id\":\"https:\/\/eishockey-berlin.de\/eishockey\/2025\/10\/27\/eisbaeren-vor-dem-klassiker-gegen-mannheim\/#primaryimage\"},\"image\":{\"@id\":\"https:\/\/eishockey-berlin.de\/eishockey\/2025\/10\/27\/eisbaeren-vor-dem-klassiker-gegen-mannheim\/#primaryimage\"},\"thumbnailUrl\":\"https:\/\/eishockey-berlin.de\/wp-content\/uploads\/2025\/10\/Veilleux1.jpg\",\"datePublished\":\"2025-10-27T18:53:00+00:00\",\"dateModified\":\"2025-10-27T18:53:01+00:00\",\"breadcrumb\":{\"@id\":\"https:\/\/eishockey-berlin.de\/eishockey\/2025\/10\/27\/eisbaeren-vor-dem-klassiker-gegen-mannheim\/#breadcrumb\"},\"inLanguage\":\"de\",\"potentialAction\":[{\"@type\":\"ReadAction\",\"target\":[\"https:\/\/eishockey-berlin.de\/eishockey\/2025\/10\/27\/eisbaeren-vor-dem-klassiker-gegen-mannheim\/\"]}]},{\"@type\":\"ImageObject\",\"inLanguage\":\"de\",\"@id\":\"https:\/\/eishockey-berlin.de\/eishockey\/2025\/10\/27\/eisbaeren-vor-dem-klassiker-gegen-mannheim\/#primaryimage\",\"url\":\"https:\/\/eishockey-berlin.de\/wp-content\/uploads\/2025\/10\/Veilleux1.jpg\",\"contentUrl\":\"https:\/\/eishockey-berlin.de\/wp-content\/uploads\/2025\/10\/Veilleux1.jpg\",\"width\":1600,\"height\":1066,\"caption\":\"Yannick Veilleux von den Eisb\u008aren Berlin w\u008ahrend des Spiels zwischen den Eisb\u008aren Berlin und Augsburger Panther am 25.10.2025 in Berlin, Deutschland. (Foto von Marco Leipold \/ City-Press GmbH Bildagentur)\"},{\"@type\":\"BreadcrumbList\",\"@id\":\"https:\/\/eishockey-berlin.de\/eishockey\/2025\/10\/27\/eisbaeren-vor-dem-klassiker-gegen-mannheim\/#breadcrumb\",\"itemListElement\":[{\"@type\":\"ListItem\",\"position\":1,\"name\":\"Startseite\",\"item\":\"https:\/\/eishockey-berlin.de\/eishockey\/\"},{\"@type\":\"ListItem\",\"position\":2,\"name\":\"Eisb\u00e4ren vor dem Klassiker gegen Mannheim\"}]},{\"@type\":\"WebSite\",\"@id\":\"https:\/\/eishockey-berlin.de\/eishockey\/#website\",\"url\":\"https:\/\/eishockey-berlin.de\/eishockey\/\",\"name\":\"Puckgefl\u00fcster - Berlins Eishockey Blog\",\"description\":\"\",\"publisher\":{\"@id\":\"https:\/\/eishockey-berlin.de\/eishockey\/#organization\"},\"potentialAction\":[{\"@type\":\"SearchAction\",\"target\":{\"@type\":\"EntryPoint\",\"urlTemplate\":\"https:\/\/eishockey-berlin.de\/eishockey\/?s={search_term_string}\"},\"query-input\":{\"@type\":\"PropertyValueSpecification\",\"valueRequired\":true,\"valueName\":\"search_term_string\"}}],\"inLanguage\":\"de\"},{\"@type\":\"Organization\",\"@id\":\"https:\/\/eishockey-berlin.de\/eishockey\/#organization\",\"name\":\"Puckgefl\u00fcster\",\"url\":\"https:\/\/eishockey-berlin.de\/eishockey\/\",\"logo\":{\"@type\":\"ImageObject\",\"inLanguage\":\"de\",\"@id\":\"https:\/\/eishockey-berlin.de\/eishockey\/#\/schema\/logo\/image\/\",\"url\":\"https:\/\/eishockey-berlin.de\/wp-content\/uploads\/2024\/11\/cropped-cropped-cropped-cropped-Puckgefluester-Logo-Kopf-1.png\",\"contentUrl\":\"https:\/\/eishockey-berlin.de\/wp-content\/uploads\/2024\/11\/cropped-cropped-cropped-cropped-Puckgefluester-Logo-Kopf-1.png\",\"width\":512,\"height\":512,\"caption\":\"Puckgefl\u00fcster\"},\"image\":{\"@id\":\"https:\/\/eishockey-berlin.de\/eishockey\/#\/schema\/logo\/image\/\"},\"sameAs\":[\"https:\/\/www.facebook.com\/profile.php?id=100069843317955\",\"https:\/\/x.com\/puckgefluester\",\"https:\/\/www.instagram.com\/puckgefluester\"]},{\"@type\":\"Person\",\"@id\":\"https:\/\/eishockey-berlin.de\/eishockey\/#\/schema\/person\/0dbbd30bc31ffd0e360397dfdf586f40\",\"name\":\"Felix Markau\",\"image\":{\"@type\":\"ImageObject\",\"inLanguage\":\"de\",\"@id\":\"https:\/\/eishockey-berlin.de\/eishockey\/#\/schema\/person\/image\/\",\"url\":\"https:\/\/secure.gravatar.com\/avatar\/b652acc30a68c28f0600da91ef3a308835954e99b9674d3ab5fcd4e72931ef6f?s=96&d=mm&r=g\",\"contentUrl\":\"https:\/\/secure.gravatar.com\/avatar\/b652acc30a68c28f0600da91ef3a308835954e99b9674d3ab5fcd4e72931ef6f?s=96&d=mm&r=g\",\"caption\":\"Felix Markau\"},\"sameAs\":[\"https:\/\/eishockey-berlin.de\"],\"url\":\"https:\/\/eishockey-berlin.de\/eishockey\/author\/felix\/\"}]}<\/script>\n<!-- \/ Yoast SEO plugin. -->","yoast_head_json":{"title":"Eisb\u00e4ren vor dem Klassiker gegen Mannheim - Puckgefl\u00fcster - Berlins Eishockey Blog","robots":{"index":"index","follow":"follow","max-snippet":"max-snippet:-1","max-image-preview":"max-image-preview:large","max-video-preview":"max-video-preview:-1"},"canonical":"https:\/\/eishockey-berlin.de\/eishockey\/2025\/10\/27\/eisbaeren-vor-dem-klassiker-gegen-mannheim\/","og_locale":"de_DE","og_type":"article","og_title":"Eisb\u00e4ren vor dem Klassiker gegen Mannheim - Puckgefl\u00fcster - Berlins Eishockey Blog","og_description":"Die aktuelle Lage bei den Eisb\u00e4ren Die Eisb\u00e4ren konnten in den letzten zwei Spielen nur einen Punkt einfahren. In M\u00fcnchen","og_url":"https:\/\/eishockey-berlin.de\/eishockey\/2025\/10\/27\/eisbaeren-vor-dem-klassiker-gegen-mannheim\/","og_site_name":"Puckgefl\u00fcster - Berlins Eishockey Blog","article_publisher":"https:\/\/www.facebook.com\/profile.php?id=100069843317955","article_published_time":"2025-10-27T18:53:00+00:00","article_modified_time":"2025-10-27T18:53:01+00:00","og_image":[{"width":1600,"height":1066,"url":"https:\/\/eishockey-berlin.de\/wp-content\/uploads\/2025\/10\/Veilleux1.jpg","type":"image\/jpeg"}],"author":"Felix Markau","twitter_card":"summary_large_image","twitter_creator":"@puckgefluester","twitter_site":"@puckgefluester","twitter_misc":{"Verfasst von":"Felix Markau","Gesch\u00e4tzte Lesezeit":"4\u00a0Minuten"},"schema":{"@context":"https:\/\/schema.org","@graph":[{"@type":"Article","@id":"https:\/\/eishockey-berlin.de\/eishockey\/2025\/10\/27\/eisbaeren-vor-dem-klassiker-gegen-mannheim\/#article","isPartOf":{"@id":"https:\/\/eishockey-berlin.de\/eishockey\/2025\/10\/27\/eisbaeren-vor-dem-klassiker-gegen-mannheim\/"},"author":{"name":"Felix Markau","@id":"https:\/\/eishockey-berlin.de\/eishockey\/#\/schema\/person\/0dbbd30bc31ffd0e360397dfdf586f40"},"headline":"Eisb\u00e4ren vor dem Klassiker gegen Mannheim","datePublished":"2025-10-27T18:53:00+00:00","dateModified":"2025-10-27T18:53:01+00:00","mainEntityOfPage":{"@id":"https:\/\/eishockey-berlin.de\/eishockey\/2025\/10\/27\/eisbaeren-vor-dem-klassiker-gegen-mannheim\/"},"wordCount":618,"commentCount":0,"publisher":{"@id":"https:\/\/eishockey-berlin.de\/eishockey\/#organization"},"image":{"@id":"https:\/\/eishockey-berlin.de\/eishockey\/2025\/10\/27\/eisbaeren-vor-dem-klassiker-gegen-mannheim\/#primaryimage"},"thumbnailUrl":"https:\/\/eishockey-berlin.de\/wp-content\/uploads\/2025\/10\/Veilleux1.jpg","keywords":["Adler Mannheim","Eisb\u00e4ren Berlin","Yannick Veilleux"],"articleSection":{"1":"Vorberichte"},"inLanguage":"de","potentialAction":[{"@type":"CommentAction","name":"Comment","target":["https:\/\/eishockey-berlin.de\/eishockey\/2025\/10\/27\/eisbaeren-vor-dem-klassiker-gegen-mannheim\/#respond"]}]},{"@type":"WebPage","@id":"https:\/\/eishockey-berlin.de\/eishockey\/2025\/10\/27\/eisbaeren-vor-dem-klassiker-gegen-mannheim\/","url":"https:\/\/eishockey-berlin.de\/eishockey\/2025\/10\/27\/eisbaeren-vor-dem-klassiker-gegen-mannheim\/","name":"Eisb\u00e4ren vor dem Klassiker gegen Mannheim - Puckgefl\u00fcster - Berlins Eishockey Blog","isPartOf":{"@id":"https:\/\/eishockey-berlin.de\/eishockey\/#website"},"primaryImageOfPage":{"@id":"https:\/\/eishockey-berlin.de\/eishockey\/2025\/10\/27\/eisbaeren-vor-dem-klassiker-gegen-mannheim\/#primaryimage"},"image":{"@id":"https:\/\/eishockey-berlin.de\/eishockey\/2025\/10\/27\/eisbaeren-vor-dem-klassiker-gegen-mannheim\/#primaryimage"},"thumbnailUrl":"https:\/\/eishockey-berlin.de\/wp-content\/uploads\/2025\/10\/Veilleux1.jpg","datePublished":"2025-10-27T18:53:00+00:00","dateModified":"2025-10-27T18:53:01+00:00","breadcrumb":{"@id":"https:\/\/eishockey-berlin.de\/eishockey\/2025\/10\/27\/eisbaeren-vor-dem-klassiker-gegen-mannheim\/#breadcrumb"},"inLanguage":"de","potentialAction":[{"@type":"ReadAction","target":["https:\/\/eishockey-berlin.de\/eishockey\/2025\/10\/27\/eisbaeren-vor-dem-klassiker-gegen-mannheim\/"]}]},{"@type":"ImageObject","inLanguage":"de","@id":"https:\/\/eishockey-berlin.de\/eishockey\/2025\/10\/27\/eisbaeren-vor-dem-klassiker-gegen-mannheim\/#primaryimage","url":"https:\/\/eishockey-berlin.de\/wp-content\/uploads\/2025\/10\/Veilleux1.jpg","contentUrl":"https:\/\/eishockey-berlin.de\/wp-content\/uploads\/2025\/10\/Veilleux1.jpg","width":1600,"height":1066,"caption":"Yannick Veilleux von den Eisb\u008aren Berlin w\u008ahrend des Spiels zwischen den Eisb\u008aren Berlin und Augsburger Panther am 25.10.2025 in Berlin, Deutschland. (Foto von Marco Leipold \/ City-Press GmbH Bildagentur)"},{"@type":"BreadcrumbList","@id":"https:\/\/eishockey-berlin.de\/eishockey\/2025\/10\/27\/eisbaeren-vor-dem-klassiker-gegen-mannheim\/#breadcrumb","itemListElement":[{"@type":"ListItem","position":1,"name":"Startseite","item":"https:\/\/eishockey-berlin.de\/eishockey\/"},{"@type":"ListItem","position":2,"name":"Eisb\u00e4ren vor dem Klassiker gegen Mannheim"}]},{"@type":"WebSite","@id":"https:\/\/eishockey-berlin.de\/eishockey\/#website","url":"https:\/\/eishockey-berlin.de\/eishockey\/","name":"Puckgefl\u00fcster - Berlins Eishockey Blog","description":"","publisher":{"@id":"https:\/\/eishockey-berlin.de\/eishockey\/#organization"},"potentialAction":[{"@type":"SearchAction","target":{"@type":"EntryPoint","urlTemplate":"https:\/\/eishockey-berlin.de\/eishockey\/?s={search_term_string}"},"query-input":{"@type":"PropertyValueSpecification","valueRequired":true,"valueName":"search_term_string"}}],"inLanguage":"de"},{"@type":"Organization","@id":"https:\/\/eishockey-berlin.de\/eishockey\/#organization","name":"Puckgefl\u00fcster","url":"https:\/\/eishockey-berlin.de\/eishockey\/","logo":{"@type":"ImageObject","inLanguage":"de","@id":"https:\/\/eishockey-berlin.de\/eishockey\/#\/schema\/logo\/image\/","url":"https:\/\/eishockey-berlin.de\/wp-content\/uploads\/2024\/11\/cropped-cropped-cropped-cropped-Puckgefluester-Logo-Kopf-1.png","contentUrl":"https:\/\/eishockey-berlin.de\/wp-content\/uploads\/2024\/11\/cropped-cropped-cropped-cropped-Puckgefluester-Logo-Kopf-1.png","width":512,"height":512,"caption":"Puckgefl\u00fcster"},"image":{"@id":"https:\/\/eishockey-berlin.de\/eishockey\/#\/schema\/logo\/image\/"},"sameAs":["https:\/\/www.facebook.com\/profile.php?id=100069843317955","https:\/\/x.com\/puckgefluester","https:\/\/www.instagram.com\/puckgefluester"]},{"@type":"Person","@id":"https:\/\/eishockey-berlin.de\/eishockey\/#\/schema\/person\/0dbbd30bc31ffd0e360397dfdf586f40","name":"Felix Markau","image":{"@type":"ImageObject","inLanguage":"de","@id":"https:\/\/eishockey-berlin.de\/eishockey\/#\/schema\/person\/image\/","url":"https:\/\/secure.gravatar.com\/avatar\/b652acc30a68c28f0600da91ef3a308835954e99b9674d3ab5fcd4e72931ef6f?s=96&d=mm&r=g","contentUrl":"https:\/\/secure.gravatar.com\/avatar\/b652acc30a68c28f0600da91ef3a308835954e99b9674d3ab5fcd4e72931ef6f?s=96&d=mm&r=g","caption":"Felix Markau"},"sameAs":["https:\/\/eishockey-berlin.de"],"url":"https:\/\/eishockey-berlin.de\/eishockey\/author\/felix\/"}]}},"_links":{"self":[{"href":"https:\/\/eishockey-berlin.de\/eishockey\/wp-json\/wp\/v2\/posts\/1733","targetHints":{"allow":["GET"]}}],"collection":[{"href":"https:\/\/eishockey-berlin.de\/eishockey\/wp-json\/wp\/v2\/posts"}],"about":[{"href":"https:\/\/eishockey-berlin.de\/eishockey\/wp-json\/wp\/v2\/types\/post"}],"author":[{"embeddable":true,"href":"https:\/\/eishockey-berlin.de\/eishockey\/wp-json\/wp\/v2\/users\/4"}],"replies":[{"embeddable":true,"href":"https:\/\/eishockey-berlin.de\/eishockey\/wp-json\/wp\/v2\/comments?post=1733"}],"version-history":[{"count":8,"href":"https:\/\/eishockey-berlin.de\/eishockey\/wp-json\/wp\/v2\/posts\/1733\/revisions"}],"predecessor-version":[{"id":1744,"href":"https:\/\/eishockey-berlin.de\/eishockey\/wp-json\/wp\/v2\/posts\/1733\/revisions\/1744"}],"wp:featuredmedia":[{"embeddable":true,"href":"https:\/\/eishockey-berlin.de\/eishockey\/wp-json\/wp\/v2\/media\/1734"}],"wp:attachment":[{"href":"https:\/\/eishockey-berlin.de\/eishockey\/wp-json\/wp\/v2\/media?parent=1733"}],"wp:term":[{"taxonomy":"category","embeddable":true,"href":"https:\/\/eishockey-berlin.de\/eishockey\/wp-json\/wp\/v2\/categories?post=1733"},{"taxonomy":"post_tag","embeddable":true,"href":"https:\/\/eishockey-berlin.de\/eishockey\/wp-json\/wp\/v2\/tags?post=1733"}],"curies":[{"name":"wp","href":"https:\/\/api.w.org\/{rel}","templated":true}]}}