{"id":1704,"date":"2025-10-22T18:37:15","date_gmt":"2025-10-22T16:37:15","guid":{"rendered":"https:\/\/eishockey-berlin.de\/eishockey\/?p=1704"},"modified":"2025-10-22T20:37:51","modified_gmt":"2025-10-22T18:37:51","slug":"die-eisbaeren-vor-den-bayrischen-tagen","status":"publish","type":"post","link":"https:\/\/eishockey-berlin.de\/eishockey\/2025\/10\/22\/die-eisbaeren-vor-den-bayrischen-tagen\/","title":{"rendered":"Die Eisb\u00e4ren vor den bayrischen Tagen"},"content":{"rendered":"\n<p><strong>Die aktuelle Lage bei den Eisb\u00e4ren<\/strong><\/p>\n\n\n\n<p>Sechs Siege in Folge haben die seit Wochen stark dezimierten Eisb\u00e4ren nun eingefahren. Vor dieser nahezu unglaublichen Leistung dieses charakterstarken Teams kann man einfach nur den Hut ziehen. Angesichts der anhaltenden Personalnot haben die Eisb\u00e4ren ihr sonst sehr offensives Spielsystem zuletzt angepasst und agieren auf dem Eis nun deutlich abwartender und dosierter in den Angriffen. Die Qualit\u00e4ten des Teams werden so effizient wie m\u00f6glich genutzt, um nicht unn\u00f6tige Kr\u00e4fte zu verschwenden. Als sehr wichtig erwies sich die R\u00fcckkehr von Verteidiger <strong>Mitch Reinke <\/strong>nach kurzer Verletzungspause. Obwohl er nicht gerade als Scorer bekannt ist, traf Reinke bei den Siegen gegen Wolfsburg und in Iserlohn.<\/p>\n\n\n\n<p>Wenig \u00fcberraschend ist Sportdirektor Stephane Richer noch einmal auf dem Transfermarkt t\u00e4tig geworden. Allerdings nicht wie von allen erwartet in der Defensive, wo vier Verteidiger langfristig ausfallen, sondern in der Offensive, wo mit Blaine Byron, Marcel Noebels und Patrick Khodorenko ebenfalls drei wichtige Leistungstr\u00e4ger lange fehlen. Seit heute ist daher St\u00fcrmer <strong>Jean<\/strong>&#8211;<strong>Sebastien Dea <\/strong>ein Eisb\u00e4r. Der 31-j\u00e4hrige, 1,80 m gro\u00df und 79 kg schwer, wird definitiv neuen Schwung in den ausged\u00fcnnten Angriff der Berliner bringen. Dea bringt viel Erfahrung vor allem aus der AHL und der KHL mit. In der AHL geh\u00f6rte er jahrelang zu den besten Scorern seiner Teams. Auch in der als sehr stark eingesch\u00e4tzten und eher defensiv gepr\u00e4gten KHL kam er in der letzten Saison auf starke 31 Punkte (16 Tore, 15 Vorlagen). In dieser Saison lief es f\u00fcr ihn dagegen nicht mehr so gut. In 16 Spielen kam er auf nur drei Punkte (ein Tor, zwei Vorlagen). Allein diesem Umstand wird es auch zu verdanken sein, dass er f\u00fcr die Eisb\u00e4ren verf\u00fcgbar und offensichtlich auch bezahlbar war. Dea scheint wie pr\u00e4destiniert f\u00fcr die offensive Spielweise unter Serge Aubin zu sein. Vor allem sein starkes Skating und seine Wendigkeit sollten in der DEL ein gro\u00dfer Vorteil f\u00fcr ihn sein. Zudem gilt er als starker Spielmacher mit gutem Auge f\u00fcr den Mitspieler. Auch sein starker Handgelenkschuss war an seinen vorherigen Stationen gef\u00fcrchtet. Dea unterschrieb einen Vertrag bis zum Saisonende und erh\u00e4lt die R\u00fcckennummer 17. Wir sind gespannt, ob er bereits morgen in M\u00fcnchen zum Einsatz kommen wird.<\/p>\n\n\n\n<p>Zudem erreichte uns soeben eine weitere weitere frohe Kunde: Laut dem Berliner Kurier trainiert <strong>Blaine Byron <\/strong>seit Anfang der Woche wieder auf dem Eis und steht kurz vor seinem Comeback. Es kann gut sein, dass er bereits morgen beim Ausw\u00e4rtsspiel in der bayrischen Landeshauptstadt wieder seine Schlittschuhe f\u00fcr die Eisb\u00e4ren schn\u00fcren wird.<\/p>\n\n\n\n<figure class=\"wp-block-image size-full\"><img loading=\"lazy\" decoding=\"async\" width=\"640\" height=\"960\" src=\"https:\/\/eishockey-berlin.de\/wp-content\/uploads\/2025\/10\/Reinke.jpg\" alt=\"\" class=\"wp-image-1706\"\/><figcaption class=\"wp-element-caption\">Verteidiger Mitch Reinke war am letzten Wochenende einer der Erfolgsgaranten der Eisb\u00e4ren. (Foto von Marco Leipold \/ City-Press GmbH Bildagentur)<\/figcaption><\/figure>\n\n\n\n<p><strong>Der Gegner am Donnerstag: Red Bull M\u00fcnchen<\/strong><\/p>\n\n\n\n<p>Trotz eines gro\u00dfen Umbruchs im Sommer sind die Roten Bullen bislang DIE Entt\u00e4uschung der DEL-Saison. M\u00fcnchen steht mit f\u00fcnf Siegen und sieben Niederlagen derzeit nur auf Platz neun. Die Anspr\u00fcche an der Isar sind bekanntlich deutlich h\u00f6her. Neu-Trainer Oliver David bl\u00e4st der Herbstwind bereits eiskalt ins Gesicht. Vor allem defensiv sind die M\u00fcnchner eher ein H\u00fchnerhaufen als ein Bollwerk. Einige Verteidiger weisen doch erhebliche l\u00e4uferische Schw\u00e4chen auf, welche die schnellen Berliner Angreifer nutzen k\u00f6nnten. Auch auf Grund der vielen Gegentoren und der wenig \u00fcberzeugenden Leistungen von Ex-Eisb\u00e4ren-Goalie Mathias Niederberger haben die M\u00fcnchner vor kurzem mit <strong>Antoine Bibeau <\/strong>einen erfahrenen Torwart nachverpflichtet. Offensiv haben die Red Bulls dagegen herausragende Qualit\u00e4ten. Das Top-Duo der letzten Saison, Taro Hirose (13 Punkte) und Chris DeSousa (10 Punkte) f\u00fchrt auch in dieser Saison die Scorerliste von RB an. Ex-Eisb\u00e4ren-St\u00fcrmer Gabriel Fontaine agierte nach starkem Saisonstart zuletzt eher unauff\u00e4llig und steht nach 12 Spielen bei sieben Punkten. Wir sind optimistisch und tippen daher auf einen 3:2-Ausw\u00e4rtssieg der Eisb\u00e4ren.<\/p>\n\n\n\n<figure class=\"wp-block-image size-full\"><img loading=\"lazy\" decoding=\"async\" width=\"1600\" height=\"1067\" src=\"https:\/\/eishockey-berlin.de\/wp-content\/uploads\/2025\/10\/Hirose.jpg\" alt=\"\" class=\"wp-image-1708\" srcset=\"https:\/\/eishockey-berlin.de\/wp-content\/uploads\/2025\/10\/Hirose.jpg 1600w, https:\/\/eishockey-berlin.de\/wp-content\/uploads\/2025\/10\/Hirose-768x512.jpg 768w, https:\/\/eishockey-berlin.de\/wp-content\/uploads\/2025\/10\/Hirose-1536x1024.jpg 1536w\" sizes=\"auto, (max-width: 1600px) 100vw, 1600px\" \/><figcaption class=\"wp-element-caption\">Taro Hirose ist mit 13 Punkten (3 Tore, 10 Vorlagen) der Topscorer von Red Bull M\u00fcnchen. (Foto von Bruno Dietrich \/ City-Press GmbH Bildagentur)<\/figcaption><\/figure>\n\n\n\n<p><strong>Der Gegner am Samstag: Augsburger Panther<\/strong><\/p>\n\n\n\n<p>Die Fuggerst\u00e4dter haben derzeit, nach den Eisb\u00e4ren, den besten Lauf der Liga. F\u00fcnf Siege in Folge landeten die Panther und arbeiteten sich so in der Tabelle bis auf Platz sieben nach oben. Vor allem Ex-Eisb\u00e4r Alex Grenier (15 Punkte) ist in absoluter Topform und erzielte am Sonntag gegen Frankfurt einen Hattrick. Die Panther \u00fcberzeugen bisher aber vor allem mit ihrer Tiefe im Kader. Insgesamt neun Spieler kommen auf mindestens acht Scorerpunkte. Auch St\u00fcrmer Alexander Blank, der letzte Saison bereits in D\u00fcsseldorf \u00fcberzeugte, kommt bereits auf beachtliche 13 Punkte. Im Tor steht mit Michael Garteig ein erfahrener DEL-Torwart, der mit einer starken Fangquote von 92,41 Prozent ebenfalls einen gro\u00dfen Anteil am Erfolg der Augsburger Panther aufweisen kann. Dem neuen Panther-Trainer Bill Peters, dem dank seiner menschlichen und humorvollen Art bereits viele Sympathien entgegenschlagen, ist es in kurzer Zeit gelungen, dem Team viel Selbstvertrauen und eine offensive Spielidee zu geben, die die Augsburger Fans begeistert. Wir glauben dennoch weiterhin auch an die offensiven Qualit\u00e4ten der Eisb\u00e4ren und tippen auf einen 5:3-Heimsieg der Berliner.<\/p>\n\n\n\n<figure class=\"wp-block-image size-full\"><img loading=\"lazy\" decoding=\"async\" width=\"640\" height=\"960\" src=\"https:\/\/eishockey-berlin.de\/wp-content\/uploads\/2025\/10\/Grenier.jpg\" alt=\"\" class=\"wp-image-1710\"\/><figcaption class=\"wp-element-caption\">K\u00f6nigstransfer Alexandre Grenier ist mit 15 Punkten (6 Tore, 9 Vorlagen) der Topscorer der Augsburger Panther. (Foto von Bruno Dietrich \/ City-Press GmbH Bildagentur)<\/figcaption><\/figure>\n","protected":false},"excerpt":{"rendered":"<p>Die aktuelle Lage bei den Eisb\u00e4ren Sechs Siege in Folge haben die seit Wochen stark dezimierten Eisb\u00e4ren nun eingefahren. Vor<\/p>\n","protected":false},"author":4,"featured_media":1723,"comment_status":"open","ping_status":"open","sticky":false,"template":"","format":"standard","meta":{"colormag_page_layout":"default_layout","footnotes":""},"categories":[1,6],"tags":[41,14,38],"class_list":["post-1704","post","type-post","status-publish","format-standard","has-post-thumbnail","hentry","category-allgemein","category-vorberichte","tag-augsburger-panther","tag-eisbaeren-berlin","tag-red-bull-muenchen"],"yoast_head":"<!-- This site is optimized with the Yoast SEO plugin v25.9 - https:\/\/yoast.com\/wordpress\/plugins\/seo\/ -->\n<title>Die Eisb\u00e4ren vor den bayrischen Tagen - Puckgefl\u00fcster - Berlins Eishockey Blog<\/title>\n<meta name=\"robots\" content=\"index, follow, max-snippet:-1, max-image-preview:large, max-video-preview:-1\" \/>\n<link rel=\"canonical\" href=\"https:\/\/eishockey-berlin.de\/eishockey\/2025\/10\/22\/die-eisbaeren-vor-den-bayrischen-tagen\/\" \/>\n<meta property=\"og:locale\" content=\"de_DE\" \/>\n<meta property=\"og:type\" content=\"article\" \/>\n<meta property=\"og:title\" content=\"Die Eisb\u00e4ren vor den bayrischen Tagen - Puckgefl\u00fcster - Berlins Eishockey Blog\" \/>\n<meta property=\"og:description\" content=\"Die aktuelle Lage bei den Eisb\u00e4ren Sechs Siege in Folge haben die seit Wochen stark dezimierten Eisb\u00e4ren nun eingefahren. Vor\" \/>\n<meta property=\"og:url\" content=\"https:\/\/eishockey-berlin.de\/eishockey\/2025\/10\/22\/die-eisbaeren-vor-den-bayrischen-tagen\/\" \/>\n<meta property=\"og:site_name\" content=\"Puckgefl\u00fcster - Berlins Eishockey Blog\" \/>\n<meta property=\"article:publisher\" content=\"https:\/\/www.facebook.com\/profile.php?id=100069843317955\" \/>\n<meta property=\"article:published_time\" content=\"2025-10-22T16:37:15+00:00\" \/>\n<meta property=\"article:modified_time\" content=\"2025-10-22T18:37:51+00:00\" \/>\n<meta property=\"og:image\" content=\"https:\/\/eishockey-berlin.de\/wp-content\/uploads\/2025\/10\/vorbericht-weekend-7.png\" \/>\n\t<meta property=\"og:image:width\" content=\"800\" \/>\n\t<meta property=\"og:image:height\" content=\"450\" \/>\n\t<meta property=\"og:image:type\" content=\"image\/png\" \/>\n<meta name=\"author\" content=\"Felix Markau\" \/>\n<meta name=\"twitter:card\" content=\"summary_large_image\" \/>\n<meta name=\"twitter:creator\" content=\"@puckgefluester\" \/>\n<meta name=\"twitter:site\" content=\"@puckgefluester\" \/>\n<meta name=\"twitter:label1\" content=\"Verfasst von\" \/>\n\t<meta name=\"twitter:data1\" content=\"Felix Markau\" \/>\n\t<meta name=\"twitter:label2\" content=\"Gesch\u00e4tzte Lesezeit\" \/>\n\t<meta name=\"twitter:data2\" content=\"6\u00a0Minuten\" \/>\n<script type=\"application\/ld+json\" class=\"yoast-schema-graph\">{\"@context\":\"https:\/\/schema.org\",\"@graph\":[{\"@type\":\"Article\",\"@id\":\"https:\/\/eishockey-berlin.de\/eishockey\/2025\/10\/22\/die-eisbaeren-vor-den-bayrischen-tagen\/#article\",\"isPartOf\":{\"@id\":\"https:\/\/eishockey-berlin.de\/eishockey\/2025\/10\/22\/die-eisbaeren-vor-den-bayrischen-tagen\/\"},\"author\":{\"name\":\"Felix Markau\",\"@id\":\"https:\/\/eishockey-berlin.de\/eishockey\/#\/schema\/person\/0dbbd30bc31ffd0e360397dfdf586f40\"},\"headline\":\"Die Eisb\u00e4ren vor den bayrischen Tagen\",\"datePublished\":\"2025-10-22T16:37:15+00:00\",\"dateModified\":\"2025-10-22T18:37:51+00:00\",\"mainEntityOfPage\":{\"@id\":\"https:\/\/eishockey-berlin.de\/eishockey\/2025\/10\/22\/die-eisbaeren-vor-den-bayrischen-tagen\/\"},\"wordCount\":877,\"commentCount\":0,\"publisher\":{\"@id\":\"https:\/\/eishockey-berlin.de\/eishockey\/#organization\"},\"image\":{\"@id\":\"https:\/\/eishockey-berlin.de\/eishockey\/2025\/10\/22\/die-eisbaeren-vor-den-bayrischen-tagen\/#primaryimage\"},\"thumbnailUrl\":\"https:\/\/eishockey-berlin.de\/wp-content\/uploads\/2025\/10\/vorbericht-weekend-7.png\",\"keywords\":[\"Augsburger Panther\",\"Eisb\u00e4ren Berlin\",\"Red Bull M\u00fcnchen\"],\"articleSection\":{\"1\":\"Vorberichte\"},\"inLanguage\":\"de\",\"potentialAction\":[{\"@type\":\"CommentAction\",\"name\":\"Comment\",\"target\":[\"https:\/\/eishockey-berlin.de\/eishockey\/2025\/10\/22\/die-eisbaeren-vor-den-bayrischen-tagen\/#respond\"]}]},{\"@type\":\"WebPage\",\"@id\":\"https:\/\/eishockey-berlin.de\/eishockey\/2025\/10\/22\/die-eisbaeren-vor-den-bayrischen-tagen\/\",\"url\":\"https:\/\/eishockey-berlin.de\/eishockey\/2025\/10\/22\/die-eisbaeren-vor-den-bayrischen-tagen\/\",\"name\":\"Die Eisb\u00e4ren vor den bayrischen Tagen - Puckgefl\u00fcster - Berlins Eishockey Blog\",\"isPartOf\":{\"@id\":\"https:\/\/eishockey-berlin.de\/eishockey\/#website\"},\"primaryImageOfPage\":{\"@id\":\"https:\/\/eishockey-berlin.de\/eishockey\/2025\/10\/22\/die-eisbaeren-vor-den-bayrischen-tagen\/#primaryimage\"},\"image\":{\"@id\":\"https:\/\/eishockey-berlin.de\/eishockey\/2025\/10\/22\/die-eisbaeren-vor-den-bayrischen-tagen\/#primaryimage\"},\"thumbnailUrl\":\"https:\/\/eishockey-berlin.de\/wp-content\/uploads\/2025\/10\/vorbericht-weekend-7.png\",\"datePublished\":\"2025-10-22T16:37:15+00:00\",\"dateModified\":\"2025-10-22T18:37:51+00:00\",\"breadcrumb\":{\"@id\":\"https:\/\/eishockey-berlin.de\/eishockey\/2025\/10\/22\/die-eisbaeren-vor-den-bayrischen-tagen\/#breadcrumb\"},\"inLanguage\":\"de\",\"potentialAction\":[{\"@type\":\"ReadAction\",\"target\":[\"https:\/\/eishockey-berlin.de\/eishockey\/2025\/10\/22\/die-eisbaeren-vor-den-bayrischen-tagen\/\"]}]},{\"@type\":\"ImageObject\",\"inLanguage\":\"de\",\"@id\":\"https:\/\/eishockey-berlin.de\/eishockey\/2025\/10\/22\/die-eisbaeren-vor-den-bayrischen-tagen\/#primaryimage\",\"url\":\"https:\/\/eishockey-berlin.de\/wp-content\/uploads\/2025\/10\/vorbericht-weekend-7.png\",\"contentUrl\":\"https:\/\/eishockey-berlin.de\/wp-content\/uploads\/2025\/10\/vorbericht-weekend-7.png\",\"width\":1920,\"height\":1080},{\"@type\":\"BreadcrumbList\",\"@id\":\"https:\/\/eishockey-berlin.de\/eishockey\/2025\/10\/22\/die-eisbaeren-vor-den-bayrischen-tagen\/#breadcrumb\",\"itemListElement\":[{\"@type\":\"ListItem\",\"position\":1,\"name\":\"Startseite\",\"item\":\"https:\/\/eishockey-berlin.de\/eishockey\/\"},{\"@type\":\"ListItem\",\"position\":2,\"name\":\"Die Eisb\u00e4ren vor den bayrischen Tagen\"}]},{\"@type\":\"WebSite\",\"@id\":\"https:\/\/eishockey-berlin.de\/eishockey\/#website\",\"url\":\"https:\/\/eishockey-berlin.de\/eishockey\/\",\"name\":\"Puckgefl\u00fcster - Berlins Eishockey Blog\",\"description\":\"\",\"publisher\":{\"@id\":\"https:\/\/eishockey-berlin.de\/eishockey\/#organization\"},\"potentialAction\":[{\"@type\":\"SearchAction\",\"target\":{\"@type\":\"EntryPoint\",\"urlTemplate\":\"https:\/\/eishockey-berlin.de\/eishockey\/?s={search_term_string}\"},\"query-input\":{\"@type\":\"PropertyValueSpecification\",\"valueRequired\":true,\"valueName\":\"search_term_string\"}}],\"inLanguage\":\"de\"},{\"@type\":\"Organization\",\"@id\":\"https:\/\/eishockey-berlin.de\/eishockey\/#organization\",\"name\":\"Puckgefl\u00fcster\",\"url\":\"https:\/\/eishockey-berlin.de\/eishockey\/\",\"logo\":{\"@type\":\"ImageObject\",\"inLanguage\":\"de\",\"@id\":\"https:\/\/eishockey-berlin.de\/eishockey\/#\/schema\/logo\/image\/\",\"url\":\"https:\/\/eishockey-berlin.de\/wp-content\/uploads\/2024\/11\/cropped-cropped-cropped-cropped-Puckgefluester-Logo-Kopf-1.png\",\"contentUrl\":\"https:\/\/eishockey-berlin.de\/wp-content\/uploads\/2024\/11\/cropped-cropped-cropped-cropped-Puckgefluester-Logo-Kopf-1.png\",\"width\":512,\"height\":512,\"caption\":\"Puckgefl\u00fcster\"},\"image\":{\"@id\":\"https:\/\/eishockey-berlin.de\/eishockey\/#\/schema\/logo\/image\/\"},\"sameAs\":[\"https:\/\/www.facebook.com\/profile.php?id=100069843317955\",\"https:\/\/x.com\/puckgefluester\",\"https:\/\/www.instagram.com\/puckgefluester\"]},{\"@type\":\"Person\",\"@id\":\"https:\/\/eishockey-berlin.de\/eishockey\/#\/schema\/person\/0dbbd30bc31ffd0e360397dfdf586f40\",\"name\":\"Felix Markau\",\"image\":{\"@type\":\"ImageObject\",\"inLanguage\":\"de\",\"@id\":\"https:\/\/eishockey-berlin.de\/eishockey\/#\/schema\/person\/image\/\",\"url\":\"https:\/\/secure.gravatar.com\/avatar\/b652acc30a68c28f0600da91ef3a308835954e99b9674d3ab5fcd4e72931ef6f?s=96&d=mm&r=g\",\"contentUrl\":\"https:\/\/secure.gravatar.com\/avatar\/b652acc30a68c28f0600da91ef3a308835954e99b9674d3ab5fcd4e72931ef6f?s=96&d=mm&r=g\",\"caption\":\"Felix Markau\"},\"sameAs\":[\"https:\/\/eishockey-berlin.de\"],\"url\":\"https:\/\/eishockey-berlin.de\/eishockey\/author\/felix\/\"}]}<\/script>\n<!-- \/ Yoast SEO plugin. -->","yoast_head_json":{"title":"Die Eisb\u00e4ren vor den bayrischen Tagen - Puckgefl\u00fcster - Berlins Eishockey Blog","robots":{"index":"index","follow":"follow","max-snippet":"max-snippet:-1","max-image-preview":"max-image-preview:large","max-video-preview":"max-video-preview:-1"},"canonical":"https:\/\/eishockey-berlin.de\/eishockey\/2025\/10\/22\/die-eisbaeren-vor-den-bayrischen-tagen\/","og_locale":"de_DE","og_type":"article","og_title":"Die Eisb\u00e4ren vor den bayrischen Tagen - Puckgefl\u00fcster - Berlins Eishockey Blog","og_description":"Die aktuelle Lage bei den Eisb\u00e4ren Sechs Siege in Folge haben die seit Wochen stark dezimierten Eisb\u00e4ren nun eingefahren. Vor","og_url":"https:\/\/eishockey-berlin.de\/eishockey\/2025\/10\/22\/die-eisbaeren-vor-den-bayrischen-tagen\/","og_site_name":"Puckgefl\u00fcster - Berlins Eishockey Blog","article_publisher":"https:\/\/www.facebook.com\/profile.php?id=100069843317955","article_published_time":"2025-10-22T16:37:15+00:00","article_modified_time":"2025-10-22T18:37:51+00:00","og_image":[{"url":"https:\/\/eishockey-berlin.de\/wp-content\/uploads\/2025\/10\/vorbericht-weekend-7.png","width":800,"height":450,"type":"image\/png"}],"author":"Felix Markau","twitter_card":"summary_large_image","twitter_creator":"@puckgefluester","twitter_site":"@puckgefluester","twitter_misc":{"Verfasst von":"Felix Markau","Gesch\u00e4tzte Lesezeit":"6\u00a0Minuten"},"schema":{"@context":"https:\/\/schema.org","@graph":[{"@type":"Article","@id":"https:\/\/eishockey-berlin.de\/eishockey\/2025\/10\/22\/die-eisbaeren-vor-den-bayrischen-tagen\/#article","isPartOf":{"@id":"https:\/\/eishockey-berlin.de\/eishockey\/2025\/10\/22\/die-eisbaeren-vor-den-bayrischen-tagen\/"},"author":{"name":"Felix Markau","@id":"https:\/\/eishockey-berlin.de\/eishockey\/#\/schema\/person\/0dbbd30bc31ffd0e360397dfdf586f40"},"headline":"Die Eisb\u00e4ren vor den bayrischen Tagen","datePublished":"2025-10-22T16:37:15+00:00","dateModified":"2025-10-22T18:37:51+00:00","mainEntityOfPage":{"@id":"https:\/\/eishockey-berlin.de\/eishockey\/2025\/10\/22\/die-eisbaeren-vor-den-bayrischen-tagen\/"},"wordCount":877,"commentCount":0,"publisher":{"@id":"https:\/\/eishockey-berlin.de\/eishockey\/#organization"},"image":{"@id":"https:\/\/eishockey-berlin.de\/eishockey\/2025\/10\/22\/die-eisbaeren-vor-den-bayrischen-tagen\/#primaryimage"},"thumbnailUrl":"https:\/\/eishockey-berlin.de\/wp-content\/uploads\/2025\/10\/vorbericht-weekend-7.png","keywords":["Augsburger Panther","Eisb\u00e4ren Berlin","Red Bull M\u00fcnchen"],"articleSection":{"1":"Vorberichte"},"inLanguage":"de","potentialAction":[{"@type":"CommentAction","name":"Comment","target":["https:\/\/eishockey-berlin.de\/eishockey\/2025\/10\/22\/die-eisbaeren-vor-den-bayrischen-tagen\/#respond"]}]},{"@type":"WebPage","@id":"https:\/\/eishockey-berlin.de\/eishockey\/2025\/10\/22\/die-eisbaeren-vor-den-bayrischen-tagen\/","url":"https:\/\/eishockey-berlin.de\/eishockey\/2025\/10\/22\/die-eisbaeren-vor-den-bayrischen-tagen\/","name":"Die Eisb\u00e4ren vor den bayrischen Tagen - Puckgefl\u00fcster - Berlins Eishockey Blog","isPartOf":{"@id":"https:\/\/eishockey-berlin.de\/eishockey\/#website"},"primaryImageOfPage":{"@id":"https:\/\/eishockey-berlin.de\/eishockey\/2025\/10\/22\/die-eisbaeren-vor-den-bayrischen-tagen\/#primaryimage"},"image":{"@id":"https:\/\/eishockey-berlin.de\/eishockey\/2025\/10\/22\/die-eisbaeren-vor-den-bayrischen-tagen\/#primaryimage"},"thumbnailUrl":"https:\/\/eishockey-berlin.de\/wp-content\/uploads\/2025\/10\/vorbericht-weekend-7.png","datePublished":"2025-10-22T16:37:15+00:00","dateModified":"2025-10-22T18:37:51+00:00","breadcrumb":{"@id":"https:\/\/eishockey-berlin.de\/eishockey\/2025\/10\/22\/die-eisbaeren-vor-den-bayrischen-tagen\/#breadcrumb"},"inLanguage":"de","potentialAction":[{"@type":"ReadAction","target":["https:\/\/eishockey-berlin.de\/eishockey\/2025\/10\/22\/die-eisbaeren-vor-den-bayrischen-tagen\/"]}]},{"@type":"ImageObject","inLanguage":"de","@id":"https:\/\/eishockey-berlin.de\/eishockey\/2025\/10\/22\/die-eisbaeren-vor-den-bayrischen-tagen\/#primaryimage","url":"https:\/\/eishockey-berlin.de\/wp-content\/uploads\/2025\/10\/vorbericht-weekend-7.png","contentUrl":"https:\/\/eishockey-berlin.de\/wp-content\/uploads\/2025\/10\/vorbericht-weekend-7.png","width":1920,"height":1080},{"@type":"BreadcrumbList","@id":"https:\/\/eishockey-berlin.de\/eishockey\/2025\/10\/22\/die-eisbaeren-vor-den-bayrischen-tagen\/#breadcrumb","itemListElement":[{"@type":"ListItem","position":1,"name":"Startseite","item":"https:\/\/eishockey-berlin.de\/eishockey\/"},{"@type":"ListItem","position":2,"name":"Die Eisb\u00e4ren vor den bayrischen Tagen"}]},{"@type":"WebSite","@id":"https:\/\/eishockey-berlin.de\/eishockey\/#website","url":"https:\/\/eishockey-berlin.de\/eishockey\/","name":"Puckgefl\u00fcster - Berlins Eishockey Blog","description":"","publisher":{"@id":"https:\/\/eishockey-berlin.de\/eishockey\/#organization"},"potentialAction":[{"@type":"SearchAction","target":{"@type":"EntryPoint","urlTemplate":"https:\/\/eishockey-berlin.de\/eishockey\/?s={search_term_string}"},"query-input":{"@type":"PropertyValueSpecification","valueRequired":true,"valueName":"search_term_string"}}],"inLanguage":"de"},{"@type":"Organization","@id":"https:\/\/eishockey-berlin.de\/eishockey\/#organization","name":"Puckgefl\u00fcster","url":"https:\/\/eishockey-berlin.de\/eishockey\/","logo":{"@type":"ImageObject","inLanguage":"de","@id":"https:\/\/eishockey-berlin.de\/eishockey\/#\/schema\/logo\/image\/","url":"https:\/\/eishockey-berlin.de\/wp-content\/uploads\/2024\/11\/cropped-cropped-cropped-cropped-Puckgefluester-Logo-Kopf-1.png","contentUrl":"https:\/\/eishockey-berlin.de\/wp-content\/uploads\/2024\/11\/cropped-cropped-cropped-cropped-Puckgefluester-Logo-Kopf-1.png","width":512,"height":512,"caption":"Puckgefl\u00fcster"},"image":{"@id":"https:\/\/eishockey-berlin.de\/eishockey\/#\/schema\/logo\/image\/"},"sameAs":["https:\/\/www.facebook.com\/profile.php?id=100069843317955","https:\/\/x.com\/puckgefluester","https:\/\/www.instagram.com\/puckgefluester"]},{"@type":"Person","@id":"https:\/\/eishockey-berlin.de\/eishockey\/#\/schema\/person\/0dbbd30bc31ffd0e360397dfdf586f40","name":"Felix Markau","image":{"@type":"ImageObject","inLanguage":"de","@id":"https:\/\/eishockey-berlin.de\/eishockey\/#\/schema\/person\/image\/","url":"https:\/\/secure.gravatar.com\/avatar\/b652acc30a68c28f0600da91ef3a308835954e99b9674d3ab5fcd4e72931ef6f?s=96&d=mm&r=g","contentUrl":"https:\/\/secure.gravatar.com\/avatar\/b652acc30a68c28f0600da91ef3a308835954e99b9674d3ab5fcd4e72931ef6f?s=96&d=mm&r=g","caption":"Felix Markau"},"sameAs":["https:\/\/eishockey-berlin.de"],"url":"https:\/\/eishockey-berlin.de\/eishockey\/author\/felix\/"}]}},"_links":{"self":[{"href":"https:\/\/eishockey-berlin.de\/eishockey\/wp-json\/wp\/v2\/posts\/1704","targetHints":{"allow":["GET"]}}],"collection":[{"href":"https:\/\/eishockey-berlin.de\/eishockey\/wp-json\/wp\/v2\/posts"}],"about":[{"href":"https:\/\/eishockey-berlin.de\/eishockey\/wp-json\/wp\/v2\/types\/post"}],"author":[{"embeddable":true,"href":"https:\/\/eishockey-berlin.de\/eishockey\/wp-json\/wp\/v2\/users\/4"}],"replies":[{"embeddable":true,"href":"https:\/\/eishockey-berlin.de\/eishockey\/wp-json\/wp\/v2\/comments?post=1704"}],"version-history":[{"count":18,"href":"https:\/\/eishockey-berlin.de\/eishockey\/wp-json\/wp\/v2\/posts\/1704\/revisions"}],"predecessor-version":[{"id":1727,"href":"https:\/\/eishockey-berlin.de\/eishockey\/wp-json\/wp\/v2\/posts\/1704\/revisions\/1727"}],"wp:featuredmedia":[{"embeddable":true,"href":"https:\/\/eishockey-berlin.de\/eishockey\/wp-json\/wp\/v2\/media\/1723"}],"wp:attachment":[{"href":"https:\/\/eishockey-berlin.de\/eishockey\/wp-json\/wp\/v2\/media?parent=1704"}],"wp:term":[{"taxonomy":"category","embeddable":true,"href":"https:\/\/eishockey-berlin.de\/eishockey\/wp-json\/wp\/v2\/categories?post=1704"},{"taxonomy":"post_tag","embeddable":true,"href":"https:\/\/eishockey-berlin.de\/eishockey\/wp-json\/wp\/v2\/tags?post=1704"}],"curies":[{"name":"wp","href":"https:\/\/api.w.org\/{rel}","templated":true}]}}